{"id":3974,"date":"2025-08-29T02:11:32","date_gmt":"2025-08-29T00:11:32","guid":{"rendered":"https:\/\/periodicolarepublica.com\/?p=3974"},"modified":"2025-08-29T02:15:12","modified_gmt":"2025-08-29T00:15:12","slug":"darisy-suero-representa-la-juventud-politica-dominicana-en-el-1er-encuentro-nacional-de-la-red-mundial-de-jovenes-politicos","status":"publish","type":"post","link":"https:\/\/periodicolarepublica.com\/index.php\/2025\/08\/29\/darisy-suero-representa-la-juventud-politica-dominicana-en-el-1er-encuentro-nacional-de-la-red-mundial-de-jovenes-politicos\/","title":{"rendered":"Darisy Suero  en el 1er Encuentro Nacional de la Red Mundial de J\u00f3venes Pol\u00edticos"},"content":{"rendered":"<p>&nbsp;<\/p>\n<p>Santo Domingo -La joven dirigente pol\u00edtica Darisy Suero, reconocida por su destacada trayectoria en el \u00e1mbito juvenil, participa en el Primer Encuentro Nacional de la Red Mundial de J\u00f3venes Pol\u00edticos, evento que re\u00fane a l\u00edderes emergentes de diferentes sectores con el prop\u00f3sito de compartir experiencias y fortalecer la participaci\u00f3n de la juventud en los procesos democr\u00e1ticos.<\/p>\n<p>&nbsp;<\/p>\n<p>Suero, quien se desempe\u00f1a como l\u00edder juvenil del Partido Revolucionario Moderno (PRM) y del Movimiento Poder P\u2019AL Pueblo, expuso la tarde de este jueves sobre los retos y aportes de la juventud en la pol\u00edtica dominicana. En su intervenci\u00f3n resalt\u00f3 la importancia de abrir espacios de inclusi\u00f3n, liderazgo responsable y compromiso social para las nuevas generaciones.<\/p>\n<p>&nbsp;<\/p>\n<p>&nbsp;<\/p>\n<p>&nbsp;<\/p>\n<p>\u201cLa juventud tiene la capacidad de transformar la pol\u00edtica en un instrumento de servicio, desarrollo y transparencia. Nuestro compromiso es seguir trabajando para que cada vez m\u00e1s j\u00f3venes participen en la toma de decisiones que impactan al pa\u00eds\u201d, expres\u00f3 Suero durante su ponencia.<\/p>\n<p>&nbsp;<\/p>\n<p>&nbsp;<\/p>\n<p>&nbsp;<\/p>\n<p>El encuentro, celebrado los d\u00edas 28 y 29 de agosto, ha servido como plataforma para que j\u00f3venes l\u00edderes nacionales e internacionales expongan sus visiones, compartan buenas pr\u00e1cticas y fortalezcan lazos de cooperaci\u00f3n pol\u00edtica y social.<\/p>\n<p>&nbsp;<\/p>\n<p>Con su participaci\u00f3n, Darisy Suero reafirma el compromiso de la juventud dominicana con la profundizaci\u00f3n de la democracia y la construcci\u00f3n de un futuro m\u00e1s justo e inclusivo.<img loading=\"lazy\" decoding=\"async\" class=\"size-medium wp-image-3975 alignright\" src=\"https:\/\/periodicolarepublica.com\/wp-content\/uploads\/2025\/08\/IMG-20250828-WA0537-e1756426400569-300x209.jpg\" alt=\"\" width=\"300\" height=\"209\" srcset=\"https:\/\/periodicolarepublica.com\/wp-content\/uploads\/2025\/08\/IMG-20250828-WA0537-e1756426400569-300x209.jpg?v=1756426169 300w, https:\/\/periodicolarepublica.com\/wp-content\/uploads\/2025\/08\/IMG-20250828-WA0537-e1756426400569-150x104.jpg?v=1756426169 150w, https:\/\/periodicolarepublica.com\/wp-content\/uploads\/2025\/08\/IMG-20250828-WA0537-e1756426400569-600x418.jpg?v=1756426169 600w, https:\/\/periodicolarepublica.com\/wp-content\/uploads\/2025\/08\/IMG-20250828-WA0537-e1756426400569-696x484.jpg?v=1756426169 696w, https:\/\/periodicolarepublica.com\/wp-content\/uploads\/2025\/08\/IMG-20250828-WA0537-e1756426400569-100x70.jpg?v=1756426169 100w, https:\/\/periodicolarepublica.com\/wp-content\/uploads\/2025\/08\/IMG-20250828-WA0537-e1756426400569-200x140.jpg?v=1756426169 200w, https:\/\/periodicolarepublica.com\/wp-content\/uploads\/2025\/08\/IMG-20250828-WA0537-e1756426400569.jpg?v=1756426169 750w\" sizes=\"auto, (max-width: 300px) 100vw, 300px\" \/><\/p>\n","protected":false},"excerpt":{"rendered":"<p>&nbsp; Santo Domingo -La joven dirigente pol\u00edtica Darisy Suero, reconocida por su destacada trayectoria en el \u00e1mbito juvenil, participa en el Primer Encuentro Nacional de la Red Mundial de J\u00f3venes Pol\u00edticos, evento que re\u00fane a l\u00edderes emergentes de diferentes sectores con el prop\u00f3sito de compartir experiencias y fortalecer la participaci\u00f3n de la juventud en los [&hellip;]<\/p>\n","protected":false},"author":10,"featured_media":3975,"comment_status":"open","ping_status":"open","sticky":false,"template":"","format":"standard","meta":{"om_disable_all_campaigns":false,"_monsterinsights_skip_tracking":false,"_monsterinsights_sitenote_active":false,"_monsterinsights_sitenote_note":"","_monsterinsights_sitenote_category":0,"footnotes":""},"categories":[1],"tags":[],"class_list":{"0":"post-3974","1":"post","2":"type-post","3":"status-publish","4":"format-standard","5":"has-post-thumbnail","7":"category-nacionales"},"aioseo_notices":[],"_links":{"self":[{"href":"https:\/\/periodicolarepublica.com\/index.php\/wp-json\/wp\/v2\/posts\/3974","targetHints":{"allow":["GET"]}}],"collection":[{"href":"https:\/\/periodicolarepublica.com\/index.php\/wp-json\/wp\/v2\/posts"}],"about":[{"href":"https:\/\/periodicolarepublica.com\/index.php\/wp-json\/wp\/v2\/types\/post"}],"author":[{"embeddable":true,"href":"https:\/\/periodicolarepublica.com\/index.php\/wp-json\/wp\/v2\/users\/10"}],"replies":[{"embeddable":true,"href":"https:\/\/periodicolarepublica.com\/index.php\/wp-json\/wp\/v2\/comments?post=3974"}],"version-history":[{"count":4,"href":"https:\/\/periodicolarepublica.com\/index.php\/wp-json\/wp\/v2\/posts\/3974\/revisions"}],"predecessor-version":[{"id":3979,"href":"https:\/\/periodicolarepublica.com\/index.php\/wp-json\/wp\/v2\/posts\/3974\/revisions\/3979"}],"wp:featuredmedia":[{"embeddable":true,"href":"https:\/\/periodicolarepublica.com\/index.php\/wp-json\/wp\/v2\/media\/3975"}],"wp:attachment":[{"href":"https:\/\/periodicolarepublica.com\/index.php\/wp-json\/wp\/v2\/media?parent=3974"}],"wp:term":[{"taxonomy":"category","embeddable":true,"href":"https:\/\/periodicolarepublica.com\/index.php\/wp-json\/wp\/v2\/categories?post=3974"},{"taxonomy":"post_tag","embeddable":true,"href":"https:\/\/periodicolarepublica.com\/index.php\/wp-json\/wp\/v2\/tags?post=3974"}],"curies":[{"name":"wp","href":"https:\/\/api.w.org\/{rel}","templated":true}]}}