{"id":3980,"date":"2025-08-29T13:33:14","date_gmt":"2025-08-29T11:33:14","guid":{"rendered":"https:\/\/periodicolarepublica.com\/?p=3980"},"modified":"2025-08-29T13:33:14","modified_gmt":"2025-08-29T11:33:14","slug":"pastos-c4-y-energia-verde-la-apuesta-sueca-que-echa-raices-en-la-republica-dominicana","status":"publish","type":"post","link":"https:\/\/periodicolarepublica.com\/index.php\/2025\/08\/29\/pastos-c4-y-energia-verde-la-apuesta-sueca-que-echa-raices-en-la-republica-dominicana\/","title":{"rendered":"Pastos C4 y energ\u00eda verde: la apuesta sueca que echa ra\u00edces en la Rep\u00fablica Dominicana"},"content":{"rendered":"<p style=\"text-align: left;\">Santo Domingo \u2013 En un pa\u00eds donde m\u00e1s del 80% del combustible consumido es importado, cada shock en el precio del petr\u00f3leo se siente en toda la econom\u00eda. La dependencia energ\u00e9tica sigue siendo una de las mayores vulnerabilidades de la Rep\u00fablica Dominicana. Pero ahora, una empresa sueca cree que parte de la soluci\u00f3n podr\u00eda encontrarse en un recurso que crece directamente en suelo dominicano: las gram\u00edneas perennes C4.<\/p>\n<p>Jord, una startup de bioenerg\u00eda con sede en Suecia, est\u00e1 instalando su primera planta industrial en San Pedro de Macor\u00eds. La planta procesar\u00e1 gram\u00edneas cultivadas localmente para convertirlas en biocombustibles s\u00f3lidos renovables conocidos como \u201cpellets blancos\u201d y \u201cpellets negros\u201d, que pueden reemplazar a los combustibles f\u00f3siles en la generaci\u00f3n el\u00e9ctrica y la industria pesada.<\/p>\n<p>\u201cNuestra visi\u00f3n es simple: transformar tierras degradadas en ecosistemas productivos y usar lo que crece all\u00ed para alimentar el futuro\u201d, afirma Peder Dagsanth, CEO de Jord. \u201cSe trata de independencia energ\u00e9tica, resiliencia clim\u00e1tica y de crear valor a largo plazo donde m\u00e1s se necesita.\u201d<\/p>\n<p><img loading=\"lazy\" decoding=\"async\" class=\"alignnone size-medium wp-image-3981\" src=\"https:\/\/periodicolarepublica.com\/wp-content\/uploads\/2025\/08\/IMG-20250707-WA0003-2-e1756467049885-300x242.jpg\" alt=\"\" width=\"300\" height=\"242\" srcset=\"https:\/\/periodicolarepublica.com\/wp-content\/uploads\/2025\/08\/IMG-20250707-WA0003-2-e1756467049885-300x242.jpg 300w, https:\/\/periodicolarepublica.com\/wp-content\/uploads\/2025\/08\/IMG-20250707-WA0003-2-e1756467049885-150x121.jpg 150w, https:\/\/periodicolarepublica.com\/wp-content\/uploads\/2025\/08\/IMG-20250707-WA0003-2-e1756467049885.jpg 397w\" sizes=\"auto, (max-width: 300px) 100vw, 300px\" \/><\/p>\n<p>&nbsp;<\/p>\n","protected":false},"excerpt":{"rendered":"<p>Santo Domingo \u2013 En un pa\u00eds donde m\u00e1s del 80% del combustible consumido es importado, cada shock en el precio del petr\u00f3leo se siente en toda la econom\u00eda. La dependencia energ\u00e9tica sigue siendo una de las mayores vulnerabilidades de la Rep\u00fablica Dominicana. Pero ahora, una empresa sueca cree que parte de la soluci\u00f3n podr\u00eda encontrarse [&hellip;]<\/p>\n","protected":false},"author":6,"featured_media":3981,"comment_status":"open","ping_status":"open","sticky":false,"template":"","format":"standard","meta":{"om_disable_all_campaigns":false,"_monsterinsights_skip_tracking":false,"_monsterinsights_sitenote_active":false,"_monsterinsights_sitenote_note":"","_monsterinsights_sitenote_category":0,"footnotes":""},"categories":[1],"tags":[455],"class_list":{"0":"post-3980","1":"post","2":"type-post","3":"status-publish","4":"format-standard","5":"has-post-thumbnail","7":"category-nacionales","8":"tag-jord"},"aioseo_notices":[],"_links":{"self":[{"href":"https:\/\/periodicolarepublica.com\/index.php\/wp-json\/wp\/v2\/posts\/3980","targetHints":{"allow":["GET"]}}],"collection":[{"href":"https:\/\/periodicolarepublica.com\/index.php\/wp-json\/wp\/v2\/posts"}],"about":[{"href":"https:\/\/periodicolarepublica.com\/index.php\/wp-json\/wp\/v2\/types\/post"}],"author":[{"embeddable":true,"href":"https:\/\/periodicolarepublica.com\/index.php\/wp-json\/wp\/v2\/users\/6"}],"replies":[{"embeddable":true,"href":"https:\/\/periodicolarepublica.com\/index.php\/wp-json\/wp\/v2\/comments?post=3980"}],"version-history":[{"count":1,"href":"https:\/\/periodicolarepublica.com\/index.php\/wp-json\/wp\/v2\/posts\/3980\/revisions"}],"predecessor-version":[{"id":3982,"href":"https:\/\/periodicolarepublica.com\/index.php\/wp-json\/wp\/v2\/posts\/3980\/revisions\/3982"}],"wp:featuredmedia":[{"embeddable":true,"href":"https:\/\/periodicolarepublica.com\/index.php\/wp-json\/wp\/v2\/media\/3981"}],"wp:attachment":[{"href":"https:\/\/periodicolarepublica.com\/index.php\/wp-json\/wp\/v2\/media?parent=3980"}],"wp:term":[{"taxonomy":"category","embeddable":true,"href":"https:\/\/periodicolarepublica.com\/index.php\/wp-json\/wp\/v2\/categories?post=3980"},{"taxonomy":"post_tag","embeddable":true,"href":"https:\/\/periodicolarepublica.com\/index.php\/wp-json\/wp\/v2\/tags?post=3980"}],"curies":[{"name":"wp","href":"https:\/\/api.w.org\/{rel}","templated":true}]}}