{"id":3984,"date":"2025-08-29T16:23:11","date_gmt":"2025-08-29T14:23:11","guid":{"rendered":"https:\/\/periodicolarepublica.com\/?p=3984"},"modified":"2025-08-29T16:23:11","modified_gmt":"2025-08-29T14:23:11","slug":"ministro-luis-miguel-de-camps-motiva-a-jovenes-en-almuerzo-escolar-en-san-cristobal","status":"publish","type":"post","link":"https:\/\/periodicolarepublica.com\/index.php\/2025\/08\/29\/ministro-luis-miguel-de-camps-motiva-a-jovenes-en-almuerzo-escolar-en-san-cristobal\/","title":{"rendered":"Ministro Luis Miguel De Camps motiva a j\u00f3venes en almuerzo escolar en San Crist\u00f3bal"},"content":{"rendered":"<p>Con el firme prop\u00f3sito de fortalecer los lazos entre la comunidad educativa y las autoridades, el ministro de Educaci\u00f3n, Luis Miguel De Camps, visit\u00f3 este martes el Centro Educativo Altagracia Lucas de Garc\u00eda, en San Crist\u00f3bal, donde comparti\u00f3 un almuerzo lleno de entusiasmo y esperanza con estudiantes de primero a sexto curso de Secundaria.<\/p>\n<p>&nbsp;<\/p>\n<p>En un ambiente cargado de cercan\u00eda, motivaci\u00f3n y alegr\u00eda, el ministro convers\u00f3 con los estudiantes, anim\u00e1ndolos a abrazar el nuevo a\u00f1o escolar como una oportunidad para crecer, aprender y avanzar con determinaci\u00f3n.<\/p>\n<p>&nbsp;<\/p>\n<p>\u201cEs un verdadero placer poder compartir con ustedes. Gracias por las informaciones que nos dieron. Vamos a seguir trabajando para mejorar y veo que aqu\u00ed hay muy buenos estudiantes, as\u00ed que apl\u00edquense los estudios\u201d, destac\u00f3 De Camps que lleg\u00f3 de sorpresa al centro educativo.<\/p>\n<p>&nbsp;<\/p>\n<p>En un gesto cargado de simbolismo y cercan\u00eda, el ministro realiz\u00f3 una llamada en vivo al presidente Luis Abinader, quien convers\u00f3 directamente con los estudiantes y docentes, dejando un mensaje de aliento, compromiso y respaldo total al inicio de este nuevo ciclo escolar.<\/p>\n<p>&nbsp;<\/p>\n<p>Igualmente, el ministro destac\u00f3 que este nuevo a\u00f1o escolar es una etapa de renovadas esperanzas, aprendizajes y grandes oportunidades.<\/p>\n<p>&nbsp;<\/p>\n<p>\u201cLo importante es que este a\u00f1o sea de esperanza, de alegr\u00eda, y sobre todo, de mucho estudio y avance para todos ustedes\u201d, a\u00f1adi\u00f3 el funcionario.<\/p>\n<p>&nbsp;<\/p>\n<p>Asimismo, reiter\u00f3 que el Ministerio de Educaci\u00f3n ha emprendido un profundo proceso de mejoras estructurales y pedag\u00f3gicas con el objetivo de garantizar que cada escuela del pa\u00eds cuente con las condiciones necesarias para ofrecer una educaci\u00f3n digna y de calidad, alineada con los m\u00e1s altos est\u00e1ndares.<\/p>\n<p>&nbsp;<\/p>\n<p>La Escuela Altagracia Lucas de Garc\u00eda, que acoge a 770 estudiantes en la modalidad de Jornada Escolar Extendida, se convirti\u00f3 en el epicentro de una jornada que no solo celebr\u00f3 el regreso a clases, sino que tambi\u00e9n reafirm\u00f3 el compromiso humano y pol\u00edtico de esta gesti\u00f3n educativa con cada ni\u00f1o, ni\u00f1a y adolescente del pa\u00eds.<\/p>\n<p>&nbsp;<\/p>\n<p>*Direcci\u00f3n de Comunicaciones*<\/p>\n<p>&nbsp;<\/p>\n<p><img loading=\"lazy\" decoding=\"async\" class=\"alignnone size-medium wp-image-3986\" src=\"https:\/\/periodicolarepublica.com\/wp-content\/uploads\/2025\/08\/IMG-20250829-WA00102-e1756477313810-300x280.jpg\" alt=\"\" width=\"300\" height=\"280\" srcset=\"https:\/\/periodicolarepublica.com\/wp-content\/uploads\/2025\/08\/IMG-20250829-WA00102-e1756477313810-300x280.jpg 300w, https:\/\/periodicolarepublica.com\/wp-content\/uploads\/2025\/08\/IMG-20250829-WA00102-e1756477313810-150x140.jpg 150w, https:\/\/periodicolarepublica.com\/wp-content\/uploads\/2025\/08\/IMG-20250829-WA00102-e1756477313810-600x560.jpg 600w, https:\/\/periodicolarepublica.com\/wp-content\/uploads\/2025\/08\/IMG-20250829-WA00102-e1756477313810.jpg 604w\" sizes=\"auto, (max-width: 300px) 100vw, 300px\" \/><\/p>\n","protected":false},"excerpt":{"rendered":"<p>Con el firme prop\u00f3sito de fortalecer los lazos entre la comunidad educativa y las autoridades, el ministro de Educaci\u00f3n, Luis Miguel De Camps, visit\u00f3 este martes el Centro Educativo Altagracia Lucas de Garc\u00eda, en San Crist\u00f3bal, donde comparti\u00f3 un almuerzo lleno de entusiasmo y esperanza con estudiantes de primero a sexto curso de Secundaria. &nbsp; [&hellip;]<\/p>\n","protected":false},"author":6,"featured_media":3986,"comment_status":"open","ping_status":"open","sticky":false,"template":"","format":"standard","meta":{"om_disable_all_campaigns":false,"_monsterinsights_skip_tracking":false,"_monsterinsights_sitenote_active":false,"_monsterinsights_sitenote_note":"","_monsterinsights_sitenote_category":0,"footnotes":""},"categories":[1],"tags":[444],"class_list":{"0":"post-3984","1":"post","2":"type-post","3":"status-publish","4":"format-standard","5":"has-post-thumbnail","7":"category-nacionales","8":"tag-minerd"},"aioseo_notices":[],"_links":{"self":[{"href":"https:\/\/periodicolarepublica.com\/index.php\/wp-json\/wp\/v2\/posts\/3984","targetHints":{"allow":["GET"]}}],"collection":[{"href":"https:\/\/periodicolarepublica.com\/index.php\/wp-json\/wp\/v2\/posts"}],"about":[{"href":"https:\/\/periodicolarepublica.com\/index.php\/wp-json\/wp\/v2\/types\/post"}],"author":[{"embeddable":true,"href":"https:\/\/periodicolarepublica.com\/index.php\/wp-json\/wp\/v2\/users\/6"}],"replies":[{"embeddable":true,"href":"https:\/\/periodicolarepublica.com\/index.php\/wp-json\/wp\/v2\/comments?post=3984"}],"version-history":[{"count":1,"href":"https:\/\/periodicolarepublica.com\/index.php\/wp-json\/wp\/v2\/posts\/3984\/revisions"}],"predecessor-version":[{"id":3987,"href":"https:\/\/periodicolarepublica.com\/index.php\/wp-json\/wp\/v2\/posts\/3984\/revisions\/3987"}],"wp:featuredmedia":[{"embeddable":true,"href":"https:\/\/periodicolarepublica.com\/index.php\/wp-json\/wp\/v2\/media\/3986"}],"wp:attachment":[{"href":"https:\/\/periodicolarepublica.com\/index.php\/wp-json\/wp\/v2\/media?parent=3984"}],"wp:term":[{"taxonomy":"category","embeddable":true,"href":"https:\/\/periodicolarepublica.com\/index.php\/wp-json\/wp\/v2\/categories?post=3984"},{"taxonomy":"post_tag","embeddable":true,"href":"https:\/\/periodicolarepublica.com\/index.php\/wp-json\/wp\/v2\/tags?post=3984"}],"curies":[{"name":"wp","href":"https:\/\/api.w.org\/{rel}","templated":true}]}}