{"id":3988,"date":"2025-08-30T15:16:47","date_gmt":"2025-08-30T13:16:47","guid":{"rendered":"https:\/\/periodicolarepublica.com\/?p=3988"},"modified":"2025-08-30T15:16:47","modified_gmt":"2025-08-30T13:16:47","slug":"gobernadora-lucrecia-santana-leyba-rinde-cuentas-un-ano-de-avances-para-la-provincia-santo-domingo","status":"publish","type":"post","link":"https:\/\/periodicolarepublica.com\/index.php\/2025\/08\/30\/gobernadora-lucrecia-santana-leyba-rinde-cuentas-un-ano-de-avances-para-la-provincia-santo-domingo\/","title":{"rendered":"Gobernadora Lucrecia Santana Leyba rinde cuentas: \u201cUn a\u00f1o de avances para la Provincia Santo Domingo"},"content":{"rendered":"<p>La Gobernadora de la Provincia Santo Domingo, Licda. Lucrecia Santana Leyba, present\u00f3 este viernes su Rendici\u00f3n de Cuentas 2024-2025, resaltando los logros alcanzados durante su primer a\u00f1o de gesti\u00f3n y reafirmando su compromiso con la transparencia y el servicio a la ciudadan\u00eda.<\/p>\n<p>&nbsp;<\/p>\n<p>En su intervenci\u00f3n, la representante del Poder Ejecutivo se\u00f1al\u00f3 que este per\u00edodo ha sido un esfuerzo colectivo junto a instituciones del Estado, gobiernos locales, juntas de vecinos, iglesias, empresarios y l\u00edderes comunitarios, siempre con un mismo prop\u00f3sito: trabajar por el bienestar de la provincia.<\/p>\n<p>&nbsp;<\/p>\n<p>\u201cRendir cuentas no es solo un deber institucional, es un gesto de respeto hacia cada mun\u00edcipe, porque el poder que ostento no me pertenece a m\u00ed, sino al pueblo de la Provincia Santo Domingo y gracias al se\u00f1or presidente Luis Abinader por su confianza \u201d, expres\u00f3 Santana Leyba.<\/p>\n<p>&nbsp;<\/p>\n<p>El acto se desarroll\u00f3 en el Sal\u00f3n de Eventos de la Gobernaci\u00f3n Provincial, con la presencia de: Isidro Torres, director CTC, Alexis Jim\u00e9nez,ViceMinistro de la Presidencia, Francisco Fern\u00e1ndez,ex-alcalde SDN,Jos\u00e9 de Le\u00f3n, director provincial del FEDA, Breilley Peralta, director extensi\u00f3n ITLA SDE, Jes\u00fas Vargas, director provincial Defensa Civil, militares, representantes sociales y comunitarios, as\u00ed como ciudadanos que valoraron este ejercicio democr\u00e1tico y de transparencia.<\/p>\n<figure id=\"attachment_3989\" aria-describedby=\"caption-attachment-3989\" style=\"width: 300px\" class=\"wp-caption alignnone\"><img loading=\"lazy\" decoding=\"async\" class=\"wp-image-3989 size-medium\" src=\"https:\/\/periodicolarepublica.com\/wp-content\/uploads\/2025\/08\/IMG-20250830-WA0005-e1756559647306-300x288.jpg\" alt=\"\" width=\"300\" height=\"288\" srcset=\"https:\/\/periodicolarepublica.com\/wp-content\/uploads\/2025\/08\/IMG-20250830-WA0005-e1756559647306-300x288.jpg 300w, https:\/\/periodicolarepublica.com\/wp-content\/uploads\/2025\/08\/IMG-20250830-WA0005-e1756559647306-768x738.jpg 768w, https:\/\/periodicolarepublica.com\/wp-content\/uploads\/2025\/08\/IMG-20250830-WA0005-e1756559647306-150x144.jpg 150w, https:\/\/periodicolarepublica.com\/wp-content\/uploads\/2025\/08\/IMG-20250830-WA0005-e1756559647306-600x577.jpg 600w, https:\/\/periodicolarepublica.com\/wp-content\/uploads\/2025\/08\/IMG-20250830-WA0005-e1756559647306-696x669.jpg 696w, https:\/\/periodicolarepublica.com\/wp-content\/uploads\/2025\/08\/IMG-20250830-WA0005-e1756559647306.jpg 773w\" sizes=\"auto, (max-width: 300px) 100vw, 300px\" \/><figcaption id=\"caption-attachment-3989\" class=\"wp-caption-text\">Gobernadora Lucrecia Santana<\/figcaption><\/figure>\n","protected":false},"excerpt":{"rendered":"<p>La Gobernadora de la Provincia Santo Domingo, Licda. Lucrecia Santana Leyba, present\u00f3 este viernes su Rendici\u00f3n de Cuentas 2024-2025, resaltando los logros alcanzados durante su primer a\u00f1o de gesti\u00f3n y reafirmando su compromiso con la transparencia y el servicio a la ciudadan\u00eda. &nbsp; En su intervenci\u00f3n, la representante del Poder Ejecutivo se\u00f1al\u00f3 que este per\u00edodo [&hellip;]<\/p>\n","protected":false},"author":1,"featured_media":3989,"comment_status":"open","ping_status":"open","sticky":false,"template":"","format":"standard","meta":{"om_disable_all_campaigns":false,"_monsterinsights_skip_tracking":false,"_monsterinsights_sitenote_active":false,"_monsterinsights_sitenote_note":"","_monsterinsights_sitenote_category":0,"footnotes":""},"categories":[1],"tags":[456],"class_list":{"0":"post-3988","1":"post","2":"type-post","3":"status-publish","4":"format-standard","5":"has-post-thumbnail","7":"category-nacionales","8":"tag-gobernadora-lucrecia-santana"},"aioseo_notices":[],"_links":{"self":[{"href":"https:\/\/periodicolarepublica.com\/index.php\/wp-json\/wp\/v2\/posts\/3988","targetHints":{"allow":["GET"]}}],"collection":[{"href":"https:\/\/periodicolarepublica.com\/index.php\/wp-json\/wp\/v2\/posts"}],"about":[{"href":"https:\/\/periodicolarepublica.com\/index.php\/wp-json\/wp\/v2\/types\/post"}],"author":[{"embeddable":true,"href":"https:\/\/periodicolarepublica.com\/index.php\/wp-json\/wp\/v2\/users\/1"}],"replies":[{"embeddable":true,"href":"https:\/\/periodicolarepublica.com\/index.php\/wp-json\/wp\/v2\/comments?post=3988"}],"version-history":[{"count":1,"href":"https:\/\/periodicolarepublica.com\/index.php\/wp-json\/wp\/v2\/posts\/3988\/revisions"}],"predecessor-version":[{"id":3990,"href":"https:\/\/periodicolarepublica.com\/index.php\/wp-json\/wp\/v2\/posts\/3988\/revisions\/3990"}],"wp:featuredmedia":[{"embeddable":true,"href":"https:\/\/periodicolarepublica.com\/index.php\/wp-json\/wp\/v2\/media\/3989"}],"wp:attachment":[{"href":"https:\/\/periodicolarepublica.com\/index.php\/wp-json\/wp\/v2\/media?parent=3988"}],"wp:term":[{"taxonomy":"category","embeddable":true,"href":"https:\/\/periodicolarepublica.com\/index.php\/wp-json\/wp\/v2\/categories?post=3988"},{"taxonomy":"post_tag","embeddable":true,"href":"https:\/\/periodicolarepublica.com\/index.php\/wp-json\/wp\/v2\/tags?post=3988"}],"curies":[{"name":"wp","href":"https:\/\/api.w.org\/{rel}","templated":true}]}}