{"id":3991,"date":"2025-08-30T15:22:35","date_gmt":"2025-08-30T13:22:35","guid":{"rendered":"https:\/\/periodicolarepublica.com\/?p=3991"},"modified":"2025-08-30T15:22:35","modified_gmt":"2025-08-30T13:22:35","slug":"desvio-del-transito-en-prolongacion-27-de-febrero-con-isabel-aguiar","status":"publish","type":"post","link":"https:\/\/periodicolarepublica.com\/index.php\/2025\/08\/30\/desvio-del-transito-en-prolongacion-27-de-febrero-con-isabel-aguiar\/","title":{"rendered":"Desv\u00edo del tr\u00e1nsito en Prolongaci\u00f3n 27 de Febrero con Isabel Aguiar"},"content":{"rendered":"<p>&nbsp;<\/p>\n<p>Por instalaci\u00f3n de vigas, este fin de semana habr\u00e1 desv\u00edo del tr\u00e1nsito en Prolongaci\u00f3n 27 de Febrero con Isabel Aguiar_<\/p>\n<p>&nbsp;<\/p>\n<p>El Ministerio de Obras P\u00fablicas y Comunicaciones (MOPC) informa que este s\u00e1bado 30 y domingo 31 de agosto se implementar\u00e1 un desv\u00edo del tr\u00e1nsito en direcci\u00f3n Oeste\u2013Este en los alrededores de las obras del paso a desnivel de la Prolongaci\u00f3n 27 de Febrero con la avenida Isabel Aguiar, debido a los trabajos de izaje e instalaci\u00f3n de las \u00faltimas vigas met\u00e1licas para la soluci\u00f3n vial en este punto.<\/p>\n<p>&nbsp;<\/p>\n<p>La medida entrar\u00e1 en vigencia a partir de las 6:00 de la tarde del s\u00e1bado y se mantendr\u00e1 hasta las 7:00 de la tarde del domingo.<\/p>\n<p>&nbsp;<\/p>\n<p>Los conductores que transiten desde las Caobas hacia el centro de la ciudad (direcci\u00f3n Oeste &#8211; Este) por la Prolongaci\u00f3n 27 de Febrero deber\u00e1n doblar hacia la derecha antes del distribuidor de la 6 de noviembre en direccion al peaje, antes de llegar al peaje, realizar un giro en U para luego reincorporarse a la Prolongaci\u00f3n 27 de Febrero. Adicionalmente, se habilitar\u00e1 un carril a la izquierda del paso a desnivel de la Isabel Aguiar (en construcci\u00f3n) exclusivamente durante este per\u00edodo.<\/p>\n<p>&nbsp;<\/p>\n<p>En tanto, los conductores que se desplacen de Este a Oeste por la Prolongaci\u00f3n 27 de Febrero y hacia la autopista 6 de Noviembre no tendr\u00e1n interrupci\u00f3n en su trayecto.<\/p>\n<p>&nbsp;<\/p>\n<p>El MOPC, en coordinaci\u00f3n con el Instituto Nacional de Tr\u00e1nsito y Transporte Terrestre (Intrant) y la Direcci\u00f3n General de Seguridad de Tr\u00e1nsito y Transporte Terrestre (Digesett) y la comisi\u00f3n militar y policial (COMIPOL) exhorta a todos los conductores a circular con prudencia, respetar las se\u00f1alizaciones y atender las instrucciones de los agentes en la zona.<\/p>\n<p>&nbsp;<\/p>\n<p>Con estas medidas, el Ministerio de Obras P\u00fablicas y Comunicaciones reafirma su compromiso con la seguridad vial y el avance de las obras que transforman la movilidad en beneficio de toda la ciudadan\u00eda.<\/p>\n<p><img loading=\"lazy\" decoding=\"async\" class=\"alignnone size-full wp-image-2908\" src=\"https:\/\/periodicolarepublica.com\/wp-content\/uploads\/2025\/03\/images-12.png\" alt=\"\" width=\"225\" height=\"225\" srcset=\"https:\/\/periodicolarepublica.com\/wp-content\/uploads\/2025\/03\/images-12.png?v=1743190064 225w, https:\/\/periodicolarepublica.com\/wp-content\/uploads\/2025\/03\/images-12-150x150.png?v=1743190064 150w\" sizes=\"auto, (max-width: 225px) 100vw, 225px\" \/><\/p>\n<p>Direcci\u00f3n de Comunicaciones y Prensa<\/p>\n<p>29 de agosto de 2025<\/p>\n","protected":false},"excerpt":{"rendered":"<p>&nbsp; Por instalaci\u00f3n de vigas, este fin de semana habr\u00e1 desv\u00edo del tr\u00e1nsito en Prolongaci\u00f3n 27 de Febrero con Isabel Aguiar_ &nbsp; El Ministerio de Obras P\u00fablicas y Comunicaciones (MOPC) informa que este s\u00e1bado 30 y domingo 31 de agosto se implementar\u00e1 un desv\u00edo del tr\u00e1nsito en direcci\u00f3n Oeste\u2013Este en los alrededores de las obras [&hellip;]<\/p>\n","protected":false},"author":6,"featured_media":2908,"comment_status":"open","ping_status":"open","sticky":false,"template":"","format":"standard","meta":{"om_disable_all_campaigns":false,"_monsterinsights_skip_tracking":false,"_monsterinsights_sitenote_active":false,"_monsterinsights_sitenote_note":"","_monsterinsights_sitenote_category":0,"footnotes":""},"categories":[1],"tags":[],"class_list":{"0":"post-3991","1":"post","2":"type-post","3":"status-publish","4":"format-standard","5":"has-post-thumbnail","7":"category-nacionales"},"aioseo_notices":[],"_links":{"self":[{"href":"https:\/\/periodicolarepublica.com\/index.php\/wp-json\/wp\/v2\/posts\/3991","targetHints":{"allow":["GET"]}}],"collection":[{"href":"https:\/\/periodicolarepublica.com\/index.php\/wp-json\/wp\/v2\/posts"}],"about":[{"href":"https:\/\/periodicolarepublica.com\/index.php\/wp-json\/wp\/v2\/types\/post"}],"author":[{"embeddable":true,"href":"https:\/\/periodicolarepublica.com\/index.php\/wp-json\/wp\/v2\/users\/6"}],"replies":[{"embeddable":true,"href":"https:\/\/periodicolarepublica.com\/index.php\/wp-json\/wp\/v2\/comments?post=3991"}],"version-history":[{"count":1,"href":"https:\/\/periodicolarepublica.com\/index.php\/wp-json\/wp\/v2\/posts\/3991\/revisions"}],"predecessor-version":[{"id":3992,"href":"https:\/\/periodicolarepublica.com\/index.php\/wp-json\/wp\/v2\/posts\/3991\/revisions\/3992"}],"wp:featuredmedia":[{"embeddable":true,"href":"https:\/\/periodicolarepublica.com\/index.php\/wp-json\/wp\/v2\/media\/2908"}],"wp:attachment":[{"href":"https:\/\/periodicolarepublica.com\/index.php\/wp-json\/wp\/v2\/media?parent=3991"}],"wp:term":[{"taxonomy":"category","embeddable":true,"href":"https:\/\/periodicolarepublica.com\/index.php\/wp-json\/wp\/v2\/categories?post=3991"},{"taxonomy":"post_tag","embeddable":true,"href":"https:\/\/periodicolarepublica.com\/index.php\/wp-json\/wp\/v2\/tags?post=3991"}],"curies":[{"name":"wp","href":"https:\/\/api.w.org\/{rel}","templated":true}]}}