{"id":3994,"date":"2025-08-30T15:33:41","date_gmt":"2025-08-30T13:33:41","guid":{"rendered":"https:\/\/periodicolarepublica.com\/?p=3994"},"modified":"2025-08-30T15:33:41","modified_gmt":"2025-08-30T13:33:41","slug":"raquel-pena-queremos-que-cada-familia-del-sur-profundo-tenga-oportunidades-reales-de-desarrollo","status":"publish","type":"post","link":"https:\/\/periodicolarepublica.com\/index.php\/2025\/08\/30\/raquel-pena-queremos-que-cada-familia-del-sur-profundo-tenga-oportunidades-reales-de-desarrollo\/","title":{"rendered":"Raquel Pe\u00f1a: \u201cQueremos que cada familia del Sur profundo tenga oportunidades reales de desarrollo"},"content":{"rendered":"<p>La vicepresidenta imparti\u00f3 la conferencia \u201cLa Fuerza de lo Cercano\u201d en Neiba, resaltando la agricultura, el turismo y la miner\u00eda como motores de transformaci\u00f3n local.<\/p>\n<p>Neiba, Bahoruco.- La vicepresidenta de la Rep\u00fablica, Raquel Pe\u00f1a, se traslad\u00f3 este viernes a la provincia Bahoruco donde imparti\u00f3 la conferencia magistral, \u201cLa Fuerza de lo Cercano, Comunidades que Impulsan el Pa\u00eds: Bahoruco\u201d, resaltando el dinamismo que esta provincia, durante d\u00e9cadas, ha sostenido la vida de miles de familias dominicanas.<\/p>\n<p>La vicemandataria agreg\u00f3 que desde el Gobierno, que lidera el presidente Luis Abinader, se ha instruido a seguir trabajando sin descanso y devolverle a cada municipio el dinamismo que merece.<\/p>\n<p>\u201cPor eso hemos concentrado nuestros esfuerzos en fortalecer los motores que est\u00e1n moviendo a Bahoruco hacia adelante: la agricultura, que es su gran sello; el turismo, que empieza a consolidarse como oportunidad de futuro; y la miner\u00eda que abre nuevas puertas de orgullo y desarrollo\u201d, expuso la vicepresidenta.<\/p>\n<p>Raquel Pe\u00f1a comparti\u00f3 datos importantes, entre los que detall\u00f3 que la Regi\u00f3n Sur representa el 13 % del Producto Interno Bruto nacional.<\/p>\n<p>\u201cAqu\u00ed se producen algunos de los bienes m\u00e1s emblem\u00e1ticos de nuestra Marca Pa\u00eds.<\/p>\n<p>Desde el larimar, nuestra piedra semipreciosa \u00fanica en el planeta y orgullo de todos los dominicanos, hasta la uva de Neiba, que ha hecho de esta provincia el coraz\u00f3n de la industria de vino del Caribe\u201d, detall\u00f3 Pe\u00f1a.<\/p>\n<p>&nbsp;<\/p>\n<p>La vicemandataria dijo que como sector clave al futuro est\u00e1 la miner\u00eda, ya que entre enero y junio de 2025, se exportaron 177,540 libras de larimar, lo que significa que, en apenas seis meses, de duplic\u00f3 toda la producci\u00f3n registrada en el 2024.<\/p>\n<p>&nbsp;<\/p>\n<p>\u201cPero nuestro compromiso es que el aprovechamiento de esta riqueza no se mida solo en exportaciones, nuestro compromiso es que tambi\u00e9n se traduzca en mejores condiciones para quienes hacen posible esta industria: nuestros mineros, sus familias y sus comunidades\u201d, dijo.<\/p>\n<p>&nbsp;<\/p>\n<p>Agreg\u00f3 que para que esto sea posible se ha impulsado el Plan Integral de Seguridad y Salud de la Mina del Larimar, porque adem\u00e1s de su valor cultural, la industrializaci\u00f3n del larimar est\u00e1 llevando beneficios econ\u00f3micos directos e indirectos a m\u00e1s de mil familias de las comunidades cercanas.<\/p>\n<p>&nbsp;<\/p>\n<p>Otro dato resaltado por la vicemandataria es que en veinte a\u00f1os Neiba ten\u00eda apenas 3,500 tareas sembradas de uva y produc\u00eda alrededor de 60 mil quintales al a\u00f1o y ya a julio del 2025, esa misma cifra equivale a lo que se produce en un solo mes, al tiempo que agradeci\u00f3 a los productores, familias, cooperativas y comunidades \u201cque nunca dejaron de creer en esta tierra\u201d.<\/p>\n<p>&nbsp;<\/p>\n<p>Estos avances en Bahoruco son parte de la realidad que vive todo el campo dominicano.<\/p>\n<p>&nbsp;<\/p>\n<p>Raquel Pe\u00f1a resalt\u00f3 que en 2024 se exportaron m\u00e1s de 3,270 millones de d\u00f3lares en productos agr\u00edcolas, un crecimiento de 17.7 % respecto al 2023, y un 47 % si se compara con el 2020.<\/p>\n<p>&nbsp;<\/p>\n<p>Ademas, por primera vez se exportaron 16 toneladas de uva de mesa a los Estados Unidos. Y poco despu\u00e9s una segunda exportaci\u00f3n, con 15 toneladas m\u00e1s, producidas en Bahoruco.<\/p>\n<p>&nbsp;<\/p>\n<p>Tambi\u00e9n fue resaltado el proyecto la Ruta Azul del Sur, liderada por la Empresa de Generaci\u00f3n Hidroel\u00e9ctrica Dominicana, que integra salud, educaci\u00f3n, producci\u00f3n y turismo que abre un corredor ecotur\u00edstico que convertir\u00e1 las bellezas naturales en fuentes de empleo, orgullo y desarrollo local y que as\u00ed el Sur profundo se convierta en oportunidades para cada familia de esta regi\u00f3n.<\/p>\n<p>&nbsp;<\/p>\n<p>\u201cPorque es desde aqu\u00ed, desde lo local, donde nacen las micro, peque\u00f1as y medianas empresas que dinamizan nuestra econom\u00eda y sostienen a miles de familias, y como Gobierno, hemos dise\u00f1ado pol\u00edticas p\u00fablicas centradas y, sobre todo, aterrizadas a las verdaderas necesidades de la gente, para que cada dominicano tenga los incentivos necesarios para emprender y progresar. Juntos, sigamos transformando a Bahoruco\u201d, finaliz\u00f3 Pe\u00f1a.<\/p>\n<p>&nbsp;<\/p>\n<p>Por su parte el alcalde de Neiba, Yadel Suberv\u00ed, detall\u00f3 las obras y logros alcanzados gracias a la gesti\u00f3n que encabeza el presidente Luis Abinader en dicho municipio.<\/p>\n<p>&nbsp;<\/p>\n<p>\u201cSe han impulsado una pol\u00edtica de desarrollo que reconoce las particularidades y potencial de estas comunidades. Este Gobierno en tan poco tiempo ha construido cuatro funerarias, ha remodelado 10 centros del primer, aperturado ocho comedores econ\u00f3micos y remodelado los hospitales de Tamayo y Galv\u00e1n\u201d, detall\u00f3 Suberv\u00ed.<\/p>\n<p>&nbsp;<\/p>\n<p>Adem\u00e1s, el senador por la provincia Bahoruco, Guillermo Lama, expuso que estoy cinco a\u00f1os de gesti\u00f3n han servido para transformar y crear mejores condiciones de vida para los dominicanos.<\/p>\n<p>&nbsp;<\/p>\n<p>\u201cLa efectividad de estas pol\u00edticas p\u00fablicas son notorias, y bajo el liderazgo de nuestro primer mandatario seguiremos avanzando firmes\u201d, dijo Lama.<\/p>\n<p><em><img loading=\"lazy\" decoding=\"async\" class=\"alignnone size-medium wp-image-3995\" src=\"https:\/\/periodicolarepublica.com\/wp-content\/uploads\/2025\/08\/IMG-20250829-WA0065-e1756560782157-294x300.jpg\" alt=\"\" width=\"294\" height=\"300\" srcset=\"https:\/\/periodicolarepublica.com\/wp-content\/uploads\/2025\/08\/IMG-20250829-WA0065-e1756560782157-294x300.jpg 294w, https:\/\/periodicolarepublica.com\/wp-content\/uploads\/2025\/08\/IMG-20250829-WA0065-e1756560782157-150x153.jpg 150w, https:\/\/periodicolarepublica.com\/wp-content\/uploads\/2025\/08\/IMG-20250829-WA0065-e1756560782157-300x307.jpg 300w, https:\/\/periodicolarepublica.com\/wp-content\/uploads\/2025\/08\/IMG-20250829-WA0065-e1756560782157-600x613.jpg 600w, https:\/\/periodicolarepublica.com\/wp-content\/uploads\/2025\/08\/IMG-20250829-WA0065-e1756560782157.jpg 683w\" sizes=\"auto, (max-width: 294px) 100vw, 294px\" \/><\/em><\/p>\n","protected":false},"excerpt":{"rendered":"<p>La vicepresidenta imparti\u00f3 la conferencia \u201cLa Fuerza de lo Cercano\u201d en Neiba, resaltando la agricultura, el turismo y la miner\u00eda como motores de transformaci\u00f3n local. Neiba, Bahoruco.- La vicepresidenta de la Rep\u00fablica, Raquel Pe\u00f1a, se traslad\u00f3 este viernes a la provincia Bahoruco donde imparti\u00f3 la conferencia magistral, \u201cLa Fuerza de lo Cercano, Comunidades que Impulsan [&hellip;]<\/p>\n","protected":false},"author":6,"featured_media":3995,"comment_status":"open","ping_status":"open","sticky":false,"template":"","format":"standard","meta":{"om_disable_all_campaigns":false,"_monsterinsights_skip_tracking":false,"_monsterinsights_sitenote_active":false,"_monsterinsights_sitenote_note":"","_monsterinsights_sitenote_category":0,"footnotes":""},"categories":[1],"tags":[],"class_list":{"0":"post-3994","1":"post","2":"type-post","3":"status-publish","4":"format-standard","5":"has-post-thumbnail","7":"category-nacionales"},"aioseo_notices":[],"_links":{"self":[{"href":"https:\/\/periodicolarepublica.com\/index.php\/wp-json\/wp\/v2\/posts\/3994","targetHints":{"allow":["GET"]}}],"collection":[{"href":"https:\/\/periodicolarepublica.com\/index.php\/wp-json\/wp\/v2\/posts"}],"about":[{"href":"https:\/\/periodicolarepublica.com\/index.php\/wp-json\/wp\/v2\/types\/post"}],"author":[{"embeddable":true,"href":"https:\/\/periodicolarepublica.com\/index.php\/wp-json\/wp\/v2\/users\/6"}],"replies":[{"embeddable":true,"href":"https:\/\/periodicolarepublica.com\/index.php\/wp-json\/wp\/v2\/comments?post=3994"}],"version-history":[{"count":1,"href":"https:\/\/periodicolarepublica.com\/index.php\/wp-json\/wp\/v2\/posts\/3994\/revisions"}],"predecessor-version":[{"id":3996,"href":"https:\/\/periodicolarepublica.com\/index.php\/wp-json\/wp\/v2\/posts\/3994\/revisions\/3996"}],"wp:featuredmedia":[{"embeddable":true,"href":"https:\/\/periodicolarepublica.com\/index.php\/wp-json\/wp\/v2\/media\/3995"}],"wp:attachment":[{"href":"https:\/\/periodicolarepublica.com\/index.php\/wp-json\/wp\/v2\/media?parent=3994"}],"wp:term":[{"taxonomy":"category","embeddable":true,"href":"https:\/\/periodicolarepublica.com\/index.php\/wp-json\/wp\/v2\/categories?post=3994"},{"taxonomy":"post_tag","embeddable":true,"href":"https:\/\/periodicolarepublica.com\/index.php\/wp-json\/wp\/v2\/tags?post=3994"}],"curies":[{"name":"wp","href":"https:\/\/api.w.org\/{rel}","templated":true}]}}