{"id":4005,"date":"2025-09-03T20:48:10","date_gmt":"2025-09-03T18:48:10","guid":{"rendered":"https:\/\/periodicolarepublica.com\/?p=4005"},"modified":"2025-09-03T20:48:10","modified_gmt":"2025-09-03T18:48:10","slug":"gobierno-anuncia-intervencion-hospital-salvador-b-gautier-a-traves-del-sns-con-inversion-superior-a-rd655-millones","status":"publish","type":"post","link":"https:\/\/periodicolarepublica.com\/index.php\/2025\/09\/03\/gobierno-anuncia-intervencion-hospital-salvador-b-gautier-a-traves-del-sns-con-inversion-superior-a-rd655-millones\/","title":{"rendered":"Gobierno anuncia intervenci\u00f3n Hospital Salvador B. Gautier a trav\u00e9s del SNS con inversi\u00f3n superior a RD$655 millones"},"content":{"rendered":"<p>Santo Domingo, R.D. \u2013El director del Servicio Nacional de Salud (SNS), doctor Mario Lama, anunci\u00f3 la ejecuci\u00f3n de un plan de remozamiento en el Hospital Salvador B. Gautier, con el prop\u00f3sito de rehabilitar y modernizar \u00e1reas cr\u00edticas para fortalecer la calidad de la atenci\u00f3n en este centro de salud.<\/p>\n<p>&nbsp;<\/p>\n<p>Lama, quien subray\u00f3 que la intervenci\u00f3n que se realizar\u00e1 reafirma el compromiso del Gobierno del presidente Luis Abinader con el fortalecimiento de la red hospitalaria y con la transformaci\u00f3n del sistema p\u00fablico de salud, beneficiar\u00e1 a miles de usuarios.<\/p>\n<p>&nbsp;<\/p>\n<p>En ese sentido, explic\u00f3 que el proyecto se realizar\u00e1 tras un diagn\u00f3stico t\u00e9cnico exhaustivo para definir la necesidad de renovaci\u00f3n en varias \u00e1reas fundamentales para el funcionamiento del centro, catalogado como uno de los hospitales de mayor complejidad y de referencia nacional.<\/p>\n<p>&nbsp;<\/p>\n<p>El plan contempla una inversi\u00f3n total de RD$655,357,692.95, de los cuales RD$455,357,692.95 corresponden a obra civil y RD$200 millones a equipamiento m\u00e9dico.<\/p>\n<p>&nbsp;<\/p>\n<p><img loading=\"lazy\" decoding=\"async\" class=\"alignnone size-medium wp-image-3101\" src=\"https:\/\/periodicolarepublica.com\/wp-content\/uploads\/2025\/04\/25da67824c9f1869e8ef3eacb5d2ced0_XL-1-300x137.jpg\" alt=\"\" width=\"300\" height=\"137\" srcset=\"https:\/\/periodicolarepublica.com\/wp-content\/uploads\/2025\/04\/25da67824c9f1869e8ef3eacb5d2ced0_XL-1-300x137.jpg 300w, https:\/\/periodicolarepublica.com\/wp-content\/uploads\/2025\/04\/25da67824c9f1869e8ef3eacb5d2ced0_XL-1-768x351.jpg 768w, https:\/\/periodicolarepublica.com\/wp-content\/uploads\/2025\/04\/25da67824c9f1869e8ef3eacb5d2ced0_XL-1-150x69.jpg 150w, https:\/\/periodicolarepublica.com\/wp-content\/uploads\/2025\/04\/25da67824c9f1869e8ef3eacb5d2ced0_XL-1-600x274.jpg 600w, https:\/\/periodicolarepublica.com\/wp-content\/uploads\/2025\/04\/25da67824c9f1869e8ef3eacb5d2ced0_XL-1-696x318.jpg 696w, https:\/\/periodicolarepublica.com\/wp-content\/uploads\/2025\/04\/25da67824c9f1869e8ef3eacb5d2ced0_XL-1.jpg 900w\" sizes=\"auto, (max-width: 300px) 100vw, 300px\" \/><\/p>\n","protected":false},"excerpt":{"rendered":"<p>Santo Domingo, R.D. \u2013El director del Servicio Nacional de Salud (SNS), doctor Mario Lama, anunci\u00f3 la ejecuci\u00f3n de un plan de remozamiento en el Hospital Salvador B. Gautier, con el prop\u00f3sito de rehabilitar y modernizar \u00e1reas cr\u00edticas para fortalecer la calidad de la atenci\u00f3n en este centro de salud. &nbsp; Lama, quien subray\u00f3 que la [&hellip;]<\/p>\n","protected":false},"author":6,"featured_media":3101,"comment_status":"open","ping_status":"open","sticky":false,"template":"","format":"standard","meta":{"om_disable_all_campaigns":false,"_monsterinsights_skip_tracking":false,"_monsterinsights_sitenote_active":false,"_monsterinsights_sitenote_note":"","_monsterinsights_sitenote_category":0,"footnotes":""},"categories":[1],"tags":[],"class_list":{"0":"post-4005","1":"post","2":"type-post","3":"status-publish","4":"format-standard","5":"has-post-thumbnail","7":"category-nacionales"},"aioseo_notices":[],"_links":{"self":[{"href":"https:\/\/periodicolarepublica.com\/index.php\/wp-json\/wp\/v2\/posts\/4005","targetHints":{"allow":["GET"]}}],"collection":[{"href":"https:\/\/periodicolarepublica.com\/index.php\/wp-json\/wp\/v2\/posts"}],"about":[{"href":"https:\/\/periodicolarepublica.com\/index.php\/wp-json\/wp\/v2\/types\/post"}],"author":[{"embeddable":true,"href":"https:\/\/periodicolarepublica.com\/index.php\/wp-json\/wp\/v2\/users\/6"}],"replies":[{"embeddable":true,"href":"https:\/\/periodicolarepublica.com\/index.php\/wp-json\/wp\/v2\/comments?post=4005"}],"version-history":[{"count":1,"href":"https:\/\/periodicolarepublica.com\/index.php\/wp-json\/wp\/v2\/posts\/4005\/revisions"}],"predecessor-version":[{"id":4006,"href":"https:\/\/periodicolarepublica.com\/index.php\/wp-json\/wp\/v2\/posts\/4005\/revisions\/4006"}],"wp:featuredmedia":[{"embeddable":true,"href":"https:\/\/periodicolarepublica.com\/index.php\/wp-json\/wp\/v2\/media\/3101"}],"wp:attachment":[{"href":"https:\/\/periodicolarepublica.com\/index.php\/wp-json\/wp\/v2\/media?parent=4005"}],"wp:term":[{"taxonomy":"category","embeddable":true,"href":"https:\/\/periodicolarepublica.com\/index.php\/wp-json\/wp\/v2\/categories?post=4005"},{"taxonomy":"post_tag","embeddable":true,"href":"https:\/\/periodicolarepublica.com\/index.php\/wp-json\/wp\/v2\/tags?post=4005"}],"curies":[{"name":"wp","href":"https:\/\/api.w.org\/{rel}","templated":true}]}}