{"id":4009,"date":"2025-09-04T13:20:53","date_gmt":"2025-09-04T11:20:53","guid":{"rendered":"https:\/\/periodicolarepublica.com\/?p=4009"},"modified":"2025-09-04T13:20:53","modified_gmt":"2025-09-04T11:20:53","slug":"skyhigh-dominicana-y-la-fundacion-risa-con-el-apoyo-del-ministerio-de-interior-y-policia-entregan-kits-escolares-a-ninos-y-ninas-de-capotillo","status":"publish","type":"post","link":"https:\/\/periodicolarepublica.com\/index.php\/2025\/09\/04\/skyhigh-dominicana-y-la-fundacion-risa-con-el-apoyo-del-ministerio-de-interior-y-policia-entregan-kits-escolares-a-ninos-y-ninas-de-capotillo\/","title":{"rendered":"SkyHigh Dominicana y la Fundaci\u00f3n RISA, con el apoyo del Ministerio de Interior y Polic\u00eda, entregan kits escolares a ni\u00f1os y ni\u00f1as de Capotillo"},"content":{"rendered":"<p>&nbsp;<\/p>\n<p>&nbsp;<\/p>\n<p>SkyHigh Dominicana y la Fundaci\u00f3n RISA, con el apoyo del Ministerio de Interior y Polic\u00eda, entregan kits escolares a ni\u00f1os y ni\u00f1as de Capotillo en m\u00faltiples instituciones comunitarias<\/p>\n<p>La educaci\u00f3n es la llave que abre las puertas del futuro, y en un pa\u00eds donde la ni\u00f1ez representa el mayor potencial de desarrollo, cada aporte cuenta. Con esa convicci\u00f3n, SkyHigh Dominicana, en alianza con la Fundaci\u00f3n RISA, realizaron la entrega de cientos de kits escolares a ni\u00f1os y ni\u00f1as del sector Capotillo, en un emotivo acto celebrado en el Ministerio de Interior y Polic\u00eda y extendido a diversas escuelas e instituciones de la comunidad.<\/p>\n<p>El encuentro estuvo encabezado por Cesarina Beauchamp, vicepresidenta de SkyHigh Dominicana; Laura Estevanell Gonz\u00e1lez, vocera oficial de la Fundaci\u00f3n RISA; Mariela Gonz\u00e1lez, presidenta de RISA Travel; y la ministra de Interior y Polic\u00eda, Faride Raful, quienes coincidieron en subrayar la importancia de fortalecer la educaci\u00f3n como motor de progreso y brindar oportunidades a las familias m\u00e1s necesitadas.<\/p>\n<p>Un gesto de gratitud con impacto social<\/p>\n<p>La entrega de \u00fatiles escolares no fue un acto aislado, sino parte de una visi\u00f3n integral de responsabilidad social empresarial. Los kits distribuidos inclu\u00edan mochilas, termos, cuadernos, l\u00e1pices, reglas, colores y otros materiales b\u00e1sicos para el inicio del a\u00f1o escolar, significando un apoyo real para muchas familias de Capotillo.<\/p>\n<p>\u201cEn SkyHigh Dominicana creemos que la educaci\u00f3n es la inversi\u00f3n social m\u00e1s poderosa que podemos hacer. Agradezco especialmente a Mariela Gonz\u00e1lez y a la Fundaci\u00f3n RISA, porque este verano logramos atraer m\u00e1s de 15,000 turistas a Punta Cana, fortaleciendo nuestro compromiso social y tur\u00edstico. Hoy reiteramos nuestro agradecimiento a la Rep\u00fablica Dominicana, que nos inspira a seguir contribuyendo\u201d, expres\u00f3 Cesarina Beauchamp.<\/p>\n<p>Educaci\u00f3n como herramienta de transformaci\u00f3n<\/p>\n<p>Desde la Fundaci\u00f3n RISA se destac\u00f3 el sentido humano de la jornada:<\/p>\n<p>\u201cLa educaci\u00f3n transforma realidades, y hoy quisimos extender una mano solidaria a las familias dominicanas. Nos llena de gratitud apoyar a los ni\u00f1os de Capotillo, convencidos de que su futuro es tambi\u00e9n el futuro de este pa\u00eds\u201d, afirm\u00f3 Laura Estevanell Gonz\u00e1lez.<\/p>\n<p>Por su parte, Mariela Gonz\u00e1lez, presidenta de RISA Travel, resalt\u00f3 el v\u00ednculo especial con el pa\u00eds:<\/p>\n<p>\u201cCon esta entrega en Capotillo queremos devolver parte del cari\u00f1o que siempre recibimos de la Rep\u00fablica Dominicana. Seguiremos apoyando con amor y compromiso.\u201d<\/p>\n<p>Una acci\u00f3n que une al Estado y la comunidad<\/p>\n<p>La ministra Faride Raful agradeci\u00f3 la iniciativa y la enmarc\u00f3 dentro de la visi\u00f3n del Gobierno de acompa\u00f1ar a las comunidades m\u00e1s vulnerables:<\/p>\n<p>\u201cEste noble acto permite que ni\u00f1os y ni\u00f1as de Capotillo inicien el a\u00f1o escolar con mayor esperanza. Gracias a SkyHigh y a la Fundaci\u00f3n RISA por sembrar futuro en cada mochila entregada.\u201d<\/p>\n<p>Instituciones beneficiadas<\/p>\n<p>La entrega de kits escolares se realiz\u00f3 en diversas instituciones y escuelas del sector Capotillo, incluyendo:<\/p>\n<p>\u2022 Parroquia Padre Chelo<\/p>\n<p>\u2022 Escuelita de la Zurza<\/p>\n<p>\u2022 Santo Cura de ARS<\/p>\n<p>\u2022 Santa Clara<\/p>\n<p>\u2022 Parroquia Escuela La Aurora<\/p>\n<p>\u2022 Iglesia Emilda<\/p>\n<p>\u2022 Federaci\u00f3n de Juntas de Vecinos<\/p>\n<p>\u2022 Iglesia Asamblea de Capotillo<\/p>\n<p>\u2022 ESCOBA<\/p>\n<p>\u2022 INDEARTE<\/p>\n<p>Cada instituci\u00f3n recibi\u00f3 el apoyo necesario para que los ni\u00f1os y ni\u00f1as puedan iniciar su a\u00f1o escolar con entusiasmo y recursos adecuados.<\/p>\n<p>Capotillo: un s\u00edmbolo de resiliencia<\/p>\n<p>Esta comunidad, conocida por sus desaf\u00edos sociales, refleja resiliencia, creatividad y energ\u00eda. Con esta acci\u00f3n, SkyHigh Dominicana y la Fundaci\u00f3n RISA enviaron un mensaje claro: cada ni\u00f1o merece la oportunidad justa de so\u00f1ar y aprender, sin importar su origen.<\/p>\n<p>Turismo, aviaci\u00f3n y responsabilidad social<\/p>\n<p>La jornada tambi\u00e9n evidenci\u00f3 c\u00f3mo el turismo y la aviaci\u00f3n pueden ser motores de desarrollo social. SkyHigh Dominicana y RISA Travel muestran que los beneficios econ\u00f3micos deben reinvertirse en la sociedad que los acoge, fortaleciendo la educaci\u00f3n y el bienestar comunitario.<\/p>\n<p>Una alianza que mira hacia el futuro<\/p>\n<p>La entrega de kits escolares marca el inicio de un compromiso continuo. SkyHigh Dominicana y la Fundaci\u00f3n RISA seguir\u00e1n impulsando proyectos que fortalezcan la educaci\u00f3n y generen impacto positivo en comunidades vulnerables del pa\u00eds.<\/p>\n<figure id=\"attachment_4010\" aria-describedby=\"caption-attachment-4010\" style=\"width: 300px\" class=\"wp-caption alignnone\"><img loading=\"lazy\" decoding=\"async\" class=\"wp-image-4010 size-medium\" src=\"https:\/\/periodicolarepublica.com\/wp-content\/uploads\/2025\/09\/IMG-20250904-WA0000-e1756984700395-300x267.jpg\" alt=\"\" width=\"300\" height=\"267\" srcset=\"https:\/\/periodicolarepublica.com\/wp-content\/uploads\/2025\/09\/IMG-20250904-WA0000-e1756984700395-300x267.jpg 300w, https:\/\/periodicolarepublica.com\/wp-content\/uploads\/2025\/09\/IMG-20250904-WA0000-e1756984700395-150x133.jpg 150w, https:\/\/periodicolarepublica.com\/wp-content\/uploads\/2025\/09\/IMG-20250904-WA0000-e1756984700395-600x534.jpg 600w, https:\/\/periodicolarepublica.com\/wp-content\/uploads\/2025\/09\/IMG-20250904-WA0000-e1756984700395-696x619.jpg 696w, https:\/\/periodicolarepublica.com\/wp-content\/uploads\/2025\/09\/IMG-20250904-WA0000-e1756984700395.jpg 768w\" sizes=\"auto, (max-width: 300px) 100vw, 300px\" \/><figcaption id=\"caption-attachment-4010\" class=\"wp-caption-text\">Cesarina Beauchamp de Skyhigh<\/figcaption><\/figure>\n","protected":false},"excerpt":{"rendered":"<p>&nbsp; &nbsp; SkyHigh Dominicana y la Fundaci\u00f3n RISA, con el apoyo del Ministerio de Interior y Polic\u00eda, entregan kits escolares a ni\u00f1os y ni\u00f1as de Capotillo en m\u00faltiples instituciones comunitarias La educaci\u00f3n es la llave que abre las puertas del futuro, y en un pa\u00eds donde la ni\u00f1ez representa el mayor potencial de desarrollo, cada [&hellip;]<\/p>\n","protected":false},"author":6,"featured_media":4010,"comment_status":"open","ping_status":"open","sticky":false,"template":"","format":"standard","meta":{"om_disable_all_campaigns":false,"_monsterinsights_skip_tracking":false,"_monsterinsights_sitenote_active":false,"_monsterinsights_sitenote_note":"","_monsterinsights_sitenote_category":0,"footnotes":""},"categories":[1],"tags":[321,169],"class_list":{"0":"post-4009","1":"post","2":"type-post","3":"status-publish","4":"format-standard","5":"has-post-thumbnail","7":"category-nacionales","8":"tag-cesarina-beauchamp","9":"tag-skyhigh-com"},"aioseo_notices":[],"_links":{"self":[{"href":"https:\/\/periodicolarepublica.com\/index.php\/wp-json\/wp\/v2\/posts\/4009","targetHints":{"allow":["GET"]}}],"collection":[{"href":"https:\/\/periodicolarepublica.com\/index.php\/wp-json\/wp\/v2\/posts"}],"about":[{"href":"https:\/\/periodicolarepublica.com\/index.php\/wp-json\/wp\/v2\/types\/post"}],"author":[{"embeddable":true,"href":"https:\/\/periodicolarepublica.com\/index.php\/wp-json\/wp\/v2\/users\/6"}],"replies":[{"embeddable":true,"href":"https:\/\/periodicolarepublica.com\/index.php\/wp-json\/wp\/v2\/comments?post=4009"}],"version-history":[{"count":1,"href":"https:\/\/periodicolarepublica.com\/index.php\/wp-json\/wp\/v2\/posts\/4009\/revisions"}],"predecessor-version":[{"id":4011,"href":"https:\/\/periodicolarepublica.com\/index.php\/wp-json\/wp\/v2\/posts\/4009\/revisions\/4011"}],"wp:featuredmedia":[{"embeddable":true,"href":"https:\/\/periodicolarepublica.com\/index.php\/wp-json\/wp\/v2\/media\/4010"}],"wp:attachment":[{"href":"https:\/\/periodicolarepublica.com\/index.php\/wp-json\/wp\/v2\/media?parent=4009"}],"wp:term":[{"taxonomy":"category","embeddable":true,"href":"https:\/\/periodicolarepublica.com\/index.php\/wp-json\/wp\/v2\/categories?post=4009"},{"taxonomy":"post_tag","embeddable":true,"href":"https:\/\/periodicolarepublica.com\/index.php\/wp-json\/wp\/v2\/tags?post=4009"}],"curies":[{"name":"wp","href":"https:\/\/api.w.org\/{rel}","templated":true}]}}