{"id":401,"date":"2024-02-15T03:33:41","date_gmt":"2024-02-15T02:33:41","guid":{"rendered":"https:\/\/periodicolarepublica.com\/?p=401"},"modified":"2024-02-15T03:33:41","modified_gmt":"2024-02-15T02:33:41","slug":"jce-pone-confianza-en-la-juventud-ante-comicios-asi-lo-declaro-vanahi-bello-dotel","status":"publish","type":"post","link":"https:\/\/periodicolarepublica.com\/index.php\/2024\/02\/15\/jce-pone-confianza-en-la-juventud-ante-comicios-asi-lo-declaro-vanahi-bello-dotel\/","title":{"rendered":"JCE pone confianza en la juventud ante comicios, asi lo declar\u00f3 Vanahi Bello Dotel"},"content":{"rendered":"<p><img loading=\"lazy\" decoding=\"async\" class=\"alignnone size-medium wp-image-402\" src=\"https:\/\/periodicolarepublica.com\/wp-content\/uploads\/2024\/02\/Picsart_24-02-14_22-19-33-116-300x113.jpg\" alt=\"\" width=\"300\" height=\"113\" srcset=\"https:\/\/periodicolarepublica.com\/wp-content\/uploads\/2024\/02\/Picsart_24-02-14_22-19-33-116-300x113.jpg?v=1715379816 300w, https:\/\/periodicolarepublica.com\/wp-content\/uploads\/2024\/02\/Picsart_24-02-14_22-19-33-116-1024x387.jpg?v=1715379816 1024w, https:\/\/periodicolarepublica.com\/wp-content\/uploads\/2024\/02\/Picsart_24-02-14_22-19-33-116-768x290.jpg?v=1715379816 768w, https:\/\/periodicolarepublica.com\/wp-content\/uploads\/2024\/02\/Picsart_24-02-14_22-19-33-116-1536x580.jpg?v=1715379816 1536w, https:\/\/periodicolarepublica.com\/wp-content\/uploads\/2024\/02\/Picsart_24-02-14_22-19-33-116-2048x774.jpg?v=1715379816 2048w, https:\/\/periodicolarepublica.com\/wp-content\/uploads\/2024\/02\/Picsart_24-02-14_22-19-33-116-150x57.jpg?v=1715379816 150w, https:\/\/periodicolarepublica.com\/wp-content\/uploads\/2024\/02\/Picsart_24-02-14_22-19-33-116-600x227.jpg?v=1715379816 600w, https:\/\/periodicolarepublica.com\/wp-content\/uploads\/2024\/02\/Picsart_24-02-14_22-19-33-116-696x263.jpg?v=1715379816 696w, https:\/\/periodicolarepublica.com\/wp-content\/uploads\/2024\/02\/Picsart_24-02-14_22-19-33-116-1392x526.jpg?v=1715379816 1392w, https:\/\/periodicolarepublica.com\/wp-content\/uploads\/2024\/02\/Picsart_24-02-14_22-19-33-116-1068x404.jpg?v=1715379816 1068w, https:\/\/periodicolarepublica.com\/wp-content\/uploads\/2024\/02\/Picsart_24-02-14_22-19-33-116-1920x726.jpg?v=1715379816 1920w\" sizes=\"auto, (max-width: 300px) 100vw, 300px\" \/><\/p>\n<p>En una reuni\u00f3n reunion llevada a cabo por Vanahi Bello Dotel, Juez Suplente del Presidente de la Junta Central Electoral (JCE), expres\u00f3 su total confianza en los j\u00f3venes y su capacidad para manejar la tecnolog\u00eda en el proceso electoral. En la reuni\u00f3n se estableci\u00f3 el entusiasmo de la\u00a0 participaci\u00f3n de los j\u00f3venes en las elecciones y c\u00f3mo la tecnolog\u00eda puede ser utilizada por ellos, de manera efectiva para mejorar el sistema electoral.<\/p>\n<p>Durante el encuentro, Bello Dotel destac\u00f3 la importancia de la participaci\u00f3n activa de los j\u00f3venes en el proceso electoral y reconoci\u00f3 que la tecnolog\u00eda desempe\u00f1a un papel clave en la sociedad actual y destac\u00f3 la importancia de incorporarla de manera eficiente en las elecciones.<\/p>\n<p>La tecnolog\u00eda ha revolucionado la forma en que interactuamos y realizamos actividades cotidianas. En el contexto electoral, ha permitido simplificar procesos, agilizar la transmisi\u00f3n de datos y ofrecer resultados m\u00e1s r\u00e1pidos y precisos. Sin embargo, para aprovechar al m\u00e1ximo los beneficios de la tecnolog\u00eda, es crucial contar con personas capacitadas que puedan utilizarla de manera efectiva.<\/p>\n<p>Bello Dotel enfatiz\u00f3 que los j\u00f3venes son el grupo demogr\u00e1fico m\u00e1s familiarizado con la tecnolog\u00eda y que son ellos quienes pueden ayudar a mejorar el proceso electoral. Adem\u00e1s, destac\u00f3 que la participaci\u00f3n de los j\u00f3venes en la pol\u00edtica es fundamental para asegurar una representaci\u00f3n equitativa de la sociedad y garantizar que sus voces sean escuchadas. Al confiar en ellos y brindarles las herramientas necesarias, Bello Dotel cree que los j\u00f3venes pueden ser agentes de cambio en el sistema electoral.<\/p>\n","protected":false},"excerpt":{"rendered":"<p>En una reuni\u00f3n reunion llevada a cabo por Vanahi Bello Dotel, Juez Suplente del Presidente de la Junta Central Electoral (JCE), expres\u00f3 su total confianza en los j\u00f3venes y su capacidad para manejar la tecnolog\u00eda en el proceso electoral. En la reuni\u00f3n se estableci\u00f3 el entusiasmo de la\u00a0 participaci\u00f3n de los j\u00f3venes en las elecciones [&hellip;]<\/p>\n","protected":false},"author":1,"featured_media":402,"comment_status":"open","ping_status":"open","sticky":false,"template":"","format":"standard","meta":{"om_disable_all_campaigns":false,"_monsterinsights_skip_tracking":false,"_monsterinsights_sitenote_active":false,"_monsterinsights_sitenote_note":"","_monsterinsights_sitenote_category":0,"footnotes":""},"categories":[1],"tags":[],"class_list":{"0":"post-401","1":"post","2":"type-post","3":"status-publish","4":"format-standard","5":"has-post-thumbnail","7":"category-nacionales"},"aioseo_notices":[],"_links":{"self":[{"href":"https:\/\/periodicolarepublica.com\/index.php\/wp-json\/wp\/v2\/posts\/401","targetHints":{"allow":["GET"]}}],"collection":[{"href":"https:\/\/periodicolarepublica.com\/index.php\/wp-json\/wp\/v2\/posts"}],"about":[{"href":"https:\/\/periodicolarepublica.com\/index.php\/wp-json\/wp\/v2\/types\/post"}],"author":[{"embeddable":true,"href":"https:\/\/periodicolarepublica.com\/index.php\/wp-json\/wp\/v2\/users\/1"}],"replies":[{"embeddable":true,"href":"https:\/\/periodicolarepublica.com\/index.php\/wp-json\/wp\/v2\/comments?post=401"}],"version-history":[{"count":1,"href":"https:\/\/periodicolarepublica.com\/index.php\/wp-json\/wp\/v2\/posts\/401\/revisions"}],"predecessor-version":[{"id":403,"href":"https:\/\/periodicolarepublica.com\/index.php\/wp-json\/wp\/v2\/posts\/401\/revisions\/403"}],"wp:featuredmedia":[{"embeddable":true,"href":"https:\/\/periodicolarepublica.com\/index.php\/wp-json\/wp\/v2\/media\/402"}],"wp:attachment":[{"href":"https:\/\/periodicolarepublica.com\/index.php\/wp-json\/wp\/v2\/media?parent=401"}],"wp:term":[{"taxonomy":"category","embeddable":true,"href":"https:\/\/periodicolarepublica.com\/index.php\/wp-json\/wp\/v2\/categories?post=401"},{"taxonomy":"post_tag","embeddable":true,"href":"https:\/\/periodicolarepublica.com\/index.php\/wp-json\/wp\/v2\/tags?post=401"}],"curies":[{"name":"wp","href":"https:\/\/api.w.org\/{rel}","templated":true}]}}