{"id":4012,"date":"2025-09-06T19:19:34","date_gmt":"2025-09-06T17:19:34","guid":{"rendered":"https:\/\/periodicolarepublica.com\/?p=4012"},"modified":"2025-09-06T19:19:34","modified_gmt":"2025-09-06T17:19:34","slug":"propeep-agota-amplia-agenda-de-trabajo-en-sectores-vulnerables-del-gran-santo-domingo-durante-el-fin-de-semana","status":"publish","type":"post","link":"https:\/\/periodicolarepublica.com\/index.php\/2025\/09\/06\/propeep-agota-amplia-agenda-de-trabajo-en-sectores-vulnerables-del-gran-santo-domingo-durante-el-fin-de-semana\/","title":{"rendered":"Propeep agota amplia agenda de trabajo en sectores vulnerables del Gran Santo Domingo durante el fin de semana"},"content":{"rendered":"<p style=\"text-align: center;\">\n<p>_M\u00e1s de 4 mil personas resultaron beneficiadas en El Caf\u00e9 de Herrera (SDO), Los Mameyes, Mendoza (SDE), Capotillo y La Zurza (DN)_<\/p>\n<p>&nbsp;<\/p>\n<p>*Santo Domingo, D.N.*\u2013 Con la participaci\u00f3n de m\u00e1s de 18 instituciones gubernamentales, los Proyectos Estrat\u00e9gicos y Especiales de la Presidencia (Propeep) desarroll\u00f3 este fin de semana una intensa agenda de trabajo en comunidades del Gran Santo Domingo, beneficiando a m\u00e1s de 4 mil personas con servicios sociales esenciales.<\/p>\n<p>&nbsp;<\/p>\n<p>La jornada que se llev\u00f3 cabo este s\u00e1bado en la escuela Aida Cartagena Portalat\u00edn, en el sector La Zurza, estuvo encabezada por el director de Propeep, Robert Polanco, quien destac\u00f3 que estas acciones son fruto de un encuentro previo con l\u00edderes comunitarios de la zona.<\/p>\n<p>&nbsp;<\/p>\n<p>Durante su discurso, el director de Propeep, Robert Polanco, afirm\u00f3 \u201cEl presidente Luis Abinader, ha puesto su coraz\u00f3n, su vista en los barrios populares y sectores vulnerables del Distrito Nacional y de cada una de las comunidades del interior del pa\u00eds, para que sus instituciones, para que sus funcionarios puedan acompa\u00f1ar a los comunitarios a resolver y atender los problemas y las situaciones que les aquejan\u201d.<\/p>\n<p>&nbsp;<\/p>\n<p>Polanco explic\u00f3 que el movimiento comunitario a variado su m\u00e9todo de lucha, recordando que antes para que un Gobierno fijara la atenci\u00f3n en un problema de la comunidad, hab\u00eda que quemar gomas, tirar basura y hacer todos los desarreglos del lugar para que le prestaran atenci\u00f3n.<\/p>\n<p>&nbsp;<\/p>\n<p>\u201cY aqu\u00ed el presidente de la Confederaci\u00f3n de Juntas de Vecinos ha dicho que la esperanza ha vuelto a los comunitarios, porque a Luis Abinader no hay que quemarle gomas, a Luis Abinader no hay que tirarle basura a la calle, porque el presidente llama a los comunitarios para que le presenten los problemas y para que el Gobierno intervenga en cada uno de ellos\u201d, subray\u00f3 Polanco.<\/p>\n<p>&nbsp;<\/p>\n<p>El funcionario asegur\u00f3 que el patr\u00f3n desarrollado en todo el trayecto de los mandatos del presidente Luis Abinader, ha sido el mismo, y es de resolver los problemas a las comunidades y barrios que viven en condiciones de pobreza y vulnerabilidad.<\/p>\n<p>&nbsp;<\/p>\n<p>Ante la preocupaci\u00f3n externada por los comunitarios en materia de seguridad de los estudiantes a su regreso de las universidades y centros de estudios, el director de Propeep, se comprometi\u00f3 donarle a la dotaci\u00f3n de la Polic\u00eda Nacional del sector, dos motocicletas para fortalecer la vigilancia y garanticen la seguridad de los j\u00f3venes \u201cque quieren estudiar, que quieren avanzar, que quieren echar para adelante aqu\u00ed en esta comunidad de La Zurza\u201d.<\/p>\n<p>&nbsp;<\/p>\n<p>\u201cY yo le quiero decir que Propeep tambi\u00e9n donar\u00e1 a la escuela de m\u00fasica, todos los instrumentos necesarios para que empiece la formaci\u00f3n musical de la juventud de La Zurza y poder formar los futuros artistas de esta comunidad\u201d, manifest\u00f3 Polanco, ante el pedimento formulado por los directivos de dicha escuela durante una reuni\u00f3n realizada a principios de esta misma semana.<\/p>\n<p>&nbsp;<\/p>\n<p>\u201cEstamos aqu\u00ed cumpliendo con cada uno de ustedes, que son la parte m\u00e1s importante de este gobierno con rostro humano y cercano a la gente. Para el presidente Luis Abinader, primero est\u00e1n los envejecientes, las embarazadas, los ni\u00f1os y los adultos mayores. Primero est\u00e1s T\u00fa\u201d expres\u00f3 Polanco.<\/p>\n<p>&nbsp;<\/p>\n<p>Asimismo, enfatiz\u00f3 que estas jornadas representan mucho m\u00e1s que servicios sociales: \u201cSon un abrazo del Gobierno de Luis Abinader que devuelve confianza y oportunidades a miles de familias en condiciones vulnerables\u201d.<\/p>\n<p>&nbsp;<\/p>\n<p>Durante la semana, los operativos de inclusi\u00f3n social se realizaron en los sectores El Caf\u00e9 de Herrera (Santo Domingo Oeste), Los Mameyes y Mendoza (Santo Domingo Este), as\u00ed como en La Zurza y Capotillo (Distrito Nacional).<\/p>\n<p>&nbsp;<\/p>\n<p>*Servicios ofrecidos en la jornada \u201cPrimero T\u00fa*<\/p>\n<p>&nbsp;<\/p>\n<p>En el marco de estas jornadas, los asistentes recibieron de manera gratuita consultas m\u00e9dicas generales y odontol\u00f3gicas, aplicaci\u00f3n de vacunas, entrega de medicamentos, raciones alimenticias crudas y cocinadas, adem\u00e1s de inscripciones en programas sociales y cursos de capacitaci\u00f3n t\u00e9cnica para fortalecer sus capacidades productivas.<\/p>\n<p>&nbsp;<\/p>\n<p>Tambi\u00e9n se realizaron procesos de afiliaci\u00f3n y entrega de carn\u00e9s del Seguro Nacional de Salud (Senasa), distribuci\u00f3n de dispositivos de apoyo a personas con discapacidad, atenci\u00f3n integral a adultos mayores, ex\u00e1menes de la vista, entrega de lentes correctivos, canastillas y suplementos proteicos para embarazadas, entre otros servicios.<\/p>\n<p>&nbsp;<\/p>\n<p>En cada una de estas jornadas, Robert Polanco, estuvo acompa\u00f1ado por l\u00edderes comunitarios, funcionarios locales y de Propeep.<\/p>\n<p>&nbsp;<\/p>\n<p>&nbsp;<\/p>\n<p>*Direcci\u00f3n de Comunicaciones de Propeep*<\/p>\n<p>6 de Septiembre 2025<\/p>\n<p><img loading=\"lazy\" decoding=\"async\" class=\"alignnone size-medium wp-image-3638\" src=\"https:\/\/periodicolarepublica.com\/wp-content\/uploads\/2025\/07\/dZlUoEJC_400x400-300x300.jpg\" alt=\"\" width=\"300\" height=\"300\" srcset=\"https:\/\/periodicolarepublica.com\/wp-content\/uploads\/2025\/07\/dZlUoEJC_400x400-300x300.jpg 300w, https:\/\/periodicolarepublica.com\/wp-content\/uploads\/2025\/07\/dZlUoEJC_400x400-150x150.jpg 150w, https:\/\/periodicolarepublica.com\/wp-content\/uploads\/2025\/07\/dZlUoEJC_400x400.jpg 400w\" sizes=\"auto, (max-width: 300px) 100vw, 300px\" \/><\/p>\n","protected":false},"excerpt":{"rendered":"<p>_M\u00e1s de 4 mil personas resultaron beneficiadas en El Caf\u00e9 de Herrera (SDO), Los Mameyes, Mendoza (SDE), Capotillo y La Zurza (DN)_ &nbsp; *Santo Domingo, D.N.*\u2013 Con la participaci\u00f3n de m\u00e1s de 18 instituciones gubernamentales, los Proyectos Estrat\u00e9gicos y Especiales de la Presidencia (Propeep) desarroll\u00f3 este fin de semana una intensa agenda de trabajo en [&hellip;]<\/p>\n","protected":false},"author":6,"featured_media":3638,"comment_status":"open","ping_status":"open","sticky":false,"template":"","format":"standard","meta":{"om_disable_all_campaigns":false,"_monsterinsights_skip_tracking":false,"_monsterinsights_sitenote_active":false,"_monsterinsights_sitenote_note":"","_monsterinsights_sitenote_category":0,"footnotes":""},"categories":[1],"tags":[],"class_list":{"0":"post-4012","1":"post","2":"type-post","3":"status-publish","4":"format-standard","5":"has-post-thumbnail","7":"category-nacionales"},"aioseo_notices":[],"_links":{"self":[{"href":"https:\/\/periodicolarepublica.com\/index.php\/wp-json\/wp\/v2\/posts\/4012","targetHints":{"allow":["GET"]}}],"collection":[{"href":"https:\/\/periodicolarepublica.com\/index.php\/wp-json\/wp\/v2\/posts"}],"about":[{"href":"https:\/\/periodicolarepublica.com\/index.php\/wp-json\/wp\/v2\/types\/post"}],"author":[{"embeddable":true,"href":"https:\/\/periodicolarepublica.com\/index.php\/wp-json\/wp\/v2\/users\/6"}],"replies":[{"embeddable":true,"href":"https:\/\/periodicolarepublica.com\/index.php\/wp-json\/wp\/v2\/comments?post=4012"}],"version-history":[{"count":1,"href":"https:\/\/periodicolarepublica.com\/index.php\/wp-json\/wp\/v2\/posts\/4012\/revisions"}],"predecessor-version":[{"id":4013,"href":"https:\/\/periodicolarepublica.com\/index.php\/wp-json\/wp\/v2\/posts\/4012\/revisions\/4013"}],"wp:featuredmedia":[{"embeddable":true,"href":"https:\/\/periodicolarepublica.com\/index.php\/wp-json\/wp\/v2\/media\/3638"}],"wp:attachment":[{"href":"https:\/\/periodicolarepublica.com\/index.php\/wp-json\/wp\/v2\/media?parent=4012"}],"wp:term":[{"taxonomy":"category","embeddable":true,"href":"https:\/\/periodicolarepublica.com\/index.php\/wp-json\/wp\/v2\/categories?post=4012"},{"taxonomy":"post_tag","embeddable":true,"href":"https:\/\/periodicolarepublica.com\/index.php\/wp-json\/wp\/v2\/tags?post=4012"}],"curies":[{"name":"wp","href":"https:\/\/api.w.org\/{rel}","templated":true}]}}