{"id":4017,"date":"2025-09-07T16:44:53","date_gmt":"2025-09-07T14:44:53","guid":{"rendered":"https:\/\/periodicolarepublica.com\/?p=4017"},"modified":"2025-09-07T16:44:53","modified_gmt":"2025-09-07T14:44:53","slug":"dida-identifica-mas-de-100-millones-de-pesos-de-familiares-de-fallecidos-disponibles-para-retiro-en-las-afp","status":"publish","type":"post","link":"https:\/\/periodicolarepublica.com\/index.php\/2025\/09\/07\/dida-identifica-mas-de-100-millones-de-pesos-de-familiares-de-fallecidos-disponibles-para-retiro-en-las-afp\/","title":{"rendered":"DIDA identifica m\u00e1s de 100 millones de pesos de familiares de fallecidos disponibles para retiro en las AFP"},"content":{"rendered":"<p>La Direcci\u00f3n General de Informaci\u00f3n y Defensa de los Afiliados a la Seguridad Social (DIDA) identific\u00f3 m\u00e1s de 100 millones de pesos pertenecientes a 10,853 familiares de fallecidos, cuyos fondos se encuentran en Administradoras de Fondos de Pensiones (AFP).<\/p>\n<p>El\u00edas B\u00e1ez, director de la DIDA, inform\u00f3 que la instituci\u00f3n ofreci\u00f3 asistencia y orientaci\u00f3n a los usuarios sobre los pasos que deben de dar para poder acceder a esos recursos a trav\u00e9s de las oficinas, servicio telef\u00f3nico 24 horas y redes sociales.<\/p>\n<p>\u201cLuego de recordar la existencia de m\u00e1s de 117,000 mil cuentas de personas fallecidas con m\u00e1s de 8,000 millones de pesos que se encuentran en las arcas de las AFP, seg\u00fan datos de la Superintendencia de Pensiones, la DIDA ofreci\u00f3 23,015 asistencias a 10,853 personas en solo una semana, superando la demanda habitual de servicios diarios\u201d, expres\u00f3 B\u00e1ez.<\/p>\n<p><img loading=\"lazy\" decoding=\"async\" class=\"alignnone size-full wp-image-4018\" src=\"https:\/\/periodicolarepublica.com\/wp-content\/uploads\/2025\/09\/DIDA.png\" alt=\"\" width=\"190\" height=\"189\" srcset=\"https:\/\/periodicolarepublica.com\/wp-content\/uploads\/2025\/09\/DIDA.png 190w, https:\/\/periodicolarepublica.com\/wp-content\/uploads\/2025\/09\/DIDA-150x149.png 150w\" sizes=\"auto, (max-width: 190px) 100vw, 190px\" \/><\/p>\n<p>&nbsp;<\/p>\n","protected":false},"excerpt":{"rendered":"<p>La Direcci\u00f3n General de Informaci\u00f3n y Defensa de los Afiliados a la Seguridad Social (DIDA) identific\u00f3 m\u00e1s de 100 millones de pesos pertenecientes a 10,853 familiares de fallecidos, cuyos fondos se encuentran en Administradoras de Fondos de Pensiones (AFP). El\u00edas B\u00e1ez, director de la DIDA, inform\u00f3 que la instituci\u00f3n ofreci\u00f3 asistencia y orientaci\u00f3n a los [&hellip;]<\/p>\n","protected":false},"author":6,"featured_media":4018,"comment_status":"open","ping_status":"open","sticky":false,"template":"","format":"standard","meta":{"om_disable_all_campaigns":false,"_monsterinsights_skip_tracking":false,"_monsterinsights_sitenote_active":false,"_monsterinsights_sitenote_note":"","_monsterinsights_sitenote_category":0,"footnotes":""},"categories":[1],"tags":[],"class_list":{"0":"post-4017","1":"post","2":"type-post","3":"status-publish","4":"format-standard","5":"has-post-thumbnail","7":"category-nacionales"},"aioseo_notices":[],"_links":{"self":[{"href":"https:\/\/periodicolarepublica.com\/index.php\/wp-json\/wp\/v2\/posts\/4017","targetHints":{"allow":["GET"]}}],"collection":[{"href":"https:\/\/periodicolarepublica.com\/index.php\/wp-json\/wp\/v2\/posts"}],"about":[{"href":"https:\/\/periodicolarepublica.com\/index.php\/wp-json\/wp\/v2\/types\/post"}],"author":[{"embeddable":true,"href":"https:\/\/periodicolarepublica.com\/index.php\/wp-json\/wp\/v2\/users\/6"}],"replies":[{"embeddable":true,"href":"https:\/\/periodicolarepublica.com\/index.php\/wp-json\/wp\/v2\/comments?post=4017"}],"version-history":[{"count":1,"href":"https:\/\/periodicolarepublica.com\/index.php\/wp-json\/wp\/v2\/posts\/4017\/revisions"}],"predecessor-version":[{"id":4019,"href":"https:\/\/periodicolarepublica.com\/index.php\/wp-json\/wp\/v2\/posts\/4017\/revisions\/4019"}],"wp:featuredmedia":[{"embeddable":true,"href":"https:\/\/periodicolarepublica.com\/index.php\/wp-json\/wp\/v2\/media\/4018"}],"wp:attachment":[{"href":"https:\/\/periodicolarepublica.com\/index.php\/wp-json\/wp\/v2\/media?parent=4017"}],"wp:term":[{"taxonomy":"category","embeddable":true,"href":"https:\/\/periodicolarepublica.com\/index.php\/wp-json\/wp\/v2\/categories?post=4017"},{"taxonomy":"post_tag","embeddable":true,"href":"https:\/\/periodicolarepublica.com\/index.php\/wp-json\/wp\/v2\/tags?post=4017"}],"curies":[{"name":"wp","href":"https:\/\/api.w.org\/{rel}","templated":true}]}}