{"id":4029,"date":"2025-09-07T20:18:47","date_gmt":"2025-09-07T18:18:47","guid":{"rendered":"https:\/\/periodicolarepublica.com\/?p=4029"},"modified":"2025-09-07T20:18:47","modified_gmt":"2025-09-07T18:18:47","slug":"consulado-dominicano-en-mexico-fortalece-vinculos-con-la-comunidad-en-merida-y-cancun-y-conoce-experiencia-del-tren-maya","status":"publish","type":"post","link":"https:\/\/periodicolarepublica.com\/index.php\/2025\/09\/07\/consulado-dominicano-en-mexico-fortalece-vinculos-con-la-comunidad-en-merida-y-cancun-y-conoce-experiencia-del-tren-maya\/","title":{"rendered":"Consulado Dominicano en M\u00e9xico fortalece v\u00ednculos con la comunidad en M\u00e9rida y Canc\u00fan, y conoce experiencia del Tren Maya"},"content":{"rendered":"<p>Canc\u00fan y M\u00e9rida, M\u00e9xico. \u2013 El Consulado General de la Rep\u00fablica Dominicana en M\u00e9xico, encabezado por el c\u00f3nsul general Juan Roberto Rodr\u00edguez Hern\u00e1ndez, desarroll\u00f3 una amplia agenda de trabajo en las ciudades de Canc\u00fan y M\u00e9rida, reafirmando su compromiso de estar m\u00e1s cerca de la comunidad dominicana residente en el pa\u00eds.<\/p>\n<p>&nbsp;<\/p>\n<p>En Canc\u00fan, el consulado sostuvo un encuentro con la comunidad estudiantil de la Universidad An\u00e1huac, espacio en el que se compartieron experiencias y se abordaron oportunidades de cooperaci\u00f3n acad\u00e9mica y cultural entre M\u00e9xico y la Rep\u00fablica Dominicana.<\/p>\n<p>&nbsp;<\/p>\n<p>Posteriormente, la delegaci\u00f3n viaj\u00f3 en el Tren Maya desde Canc\u00fan hasta M\u00e9rida, conociendo de primera mano la experiencia de esta obra emblem\u00e1tica que impulsa conectividad, turismo y desarrollo sostenible en la regi\u00f3n.<\/p>\n<p>&nbsp;<\/p>\n<p>Ya en M\u00e9rida, el Consulado General llev\u00f3 a cabo por primera vez un operativo consular, sacando los servicios de las oficinas y llev\u00e1ndolos directamente a la comunidad. Decenas de dominicanos pudieron acceder a tr\u00e1mites y asistencia consular sin tener que trasladarse hasta la capital mexicana.<\/p>\n<p>&nbsp;<\/p>\n<p>El c\u00f3nsul general Juan Roberto Rodr\u00edguez Hern\u00e1ndez destac\u00f3 que esta agenda de trabajo, realizada con el acompa\u00f1amiento del embajador dominicano en M\u00e9xico, Juan Bol\u00edvar D\u00edaz, marca un hito en el fortalecimiento de la presencia institucional de la Rep\u00fablica Dominicana en el pa\u00eds, al integrar iniciativas acad\u00e9micas, comunitarias y de observaci\u00f3n de grandes proyectos de infraestructura.<\/p>\n<p>&nbsp;<\/p>\n<p><img loading=\"lazy\" decoding=\"async\" class=\"alignnone size-medium wp-image-4030\" src=\"https:\/\/periodicolarepublica.com\/wp-content\/uploads\/2025\/09\/IMG-20250907-WA0022-1-300x251.jpg\" alt=\"\" width=\"300\" height=\"251\" srcset=\"https:\/\/periodicolarepublica.com\/wp-content\/uploads\/2025\/09\/IMG-20250907-WA0022-1-300x251.jpg 300w, https:\/\/periodicolarepublica.com\/wp-content\/uploads\/2025\/09\/IMG-20250907-WA0022-1-768x643.jpg 768w, https:\/\/periodicolarepublica.com\/wp-content\/uploads\/2025\/09\/IMG-20250907-WA0022-1-150x126.jpg 150w, https:\/\/periodicolarepublica.com\/wp-content\/uploads\/2025\/09\/IMG-20250907-WA0022-1-600x503.jpg 600w, https:\/\/periodicolarepublica.com\/wp-content\/uploads\/2025\/09\/IMG-20250907-WA0022-1-696x583.jpg 696w, https:\/\/periodicolarepublica.com\/wp-content\/uploads\/2025\/09\/IMG-20250907-WA0022-1.jpg 936w\" sizes=\"auto, (max-width: 300px) 100vw, 300px\" \/><\/p>\n<p>&nbsp;<\/p>\n","protected":false},"excerpt":{"rendered":"<p>Canc\u00fan y M\u00e9rida, M\u00e9xico. \u2013 El Consulado General de la Rep\u00fablica Dominicana en M\u00e9xico, encabezado por el c\u00f3nsul general Juan Roberto Rodr\u00edguez Hern\u00e1ndez, desarroll\u00f3 una amplia agenda de trabajo en las ciudades de Canc\u00fan y M\u00e9rida, reafirmando su compromiso de estar m\u00e1s cerca de la comunidad dominicana residente en el pa\u00eds. &nbsp; En Canc\u00fan, el [&hellip;]<\/p>\n","protected":false},"author":6,"featured_media":4030,"comment_status":"open","ping_status":"open","sticky":false,"template":"","format":"standard","meta":{"om_disable_all_campaigns":false,"_monsterinsights_skip_tracking":false,"_monsterinsights_sitenote_active":false,"_monsterinsights_sitenote_note":"","_monsterinsights_sitenote_category":0,"footnotes":""},"categories":[1],"tags":[],"class_list":{"0":"post-4029","1":"post","2":"type-post","3":"status-publish","4":"format-standard","5":"has-post-thumbnail","7":"category-nacionales"},"aioseo_notices":[],"_links":{"self":[{"href":"https:\/\/periodicolarepublica.com\/index.php\/wp-json\/wp\/v2\/posts\/4029","targetHints":{"allow":["GET"]}}],"collection":[{"href":"https:\/\/periodicolarepublica.com\/index.php\/wp-json\/wp\/v2\/posts"}],"about":[{"href":"https:\/\/periodicolarepublica.com\/index.php\/wp-json\/wp\/v2\/types\/post"}],"author":[{"embeddable":true,"href":"https:\/\/periodicolarepublica.com\/index.php\/wp-json\/wp\/v2\/users\/6"}],"replies":[{"embeddable":true,"href":"https:\/\/periodicolarepublica.com\/index.php\/wp-json\/wp\/v2\/comments?post=4029"}],"version-history":[{"count":1,"href":"https:\/\/periodicolarepublica.com\/index.php\/wp-json\/wp\/v2\/posts\/4029\/revisions"}],"predecessor-version":[{"id":4031,"href":"https:\/\/periodicolarepublica.com\/index.php\/wp-json\/wp\/v2\/posts\/4029\/revisions\/4031"}],"wp:featuredmedia":[{"embeddable":true,"href":"https:\/\/periodicolarepublica.com\/index.php\/wp-json\/wp\/v2\/media\/4030"}],"wp:attachment":[{"href":"https:\/\/periodicolarepublica.com\/index.php\/wp-json\/wp\/v2\/media?parent=4029"}],"wp:term":[{"taxonomy":"category","embeddable":true,"href":"https:\/\/periodicolarepublica.com\/index.php\/wp-json\/wp\/v2\/categories?post=4029"},{"taxonomy":"post_tag","embeddable":true,"href":"https:\/\/periodicolarepublica.com\/index.php\/wp-json\/wp\/v2\/tags?post=4029"}],"curies":[{"name":"wp","href":"https:\/\/api.w.org\/{rel}","templated":true}]}}