{"id":4032,"date":"2025-09-08T19:52:57","date_gmt":"2025-09-08T17:52:57","guid":{"rendered":"https:\/\/periodicolarepublica.com\/?p=4032"},"modified":"2025-09-08T19:52:57","modified_gmt":"2025-09-08T17:52:57","slug":"tomas-hernandez-alberto-exige-oposicion-responsable-y-resalta-liderazgo-de-luis-abinader","status":"publish","type":"post","link":"https:\/\/periodicolarepublica.com\/index.php\/2025\/09\/08\/tomas-hernandez-alberto-exige-oposicion-responsable-y-resalta-liderazgo-de-luis-abinader\/","title":{"rendered":"Tom\u00e1s Hern\u00e1ndez Alberto exige oposici\u00f3n responsable y resalta liderazgo de Luis Abinader"},"content":{"rendered":"<p>Santo Domingo, \u2013 Tom\u00e1s Hern\u00e1ndez Alberto cuestion\u00f3 fuertemente la actitud de ciertos sectores de la oposici\u00f3n pol\u00edtica, advirtiendo que la desesperaci\u00f3n los ha llevado a actuar de manera irracional y contraproducente para el pa\u00eds. \u201cLa desesperaci\u00f3n es, sin lugar a duda, da\u00f1ina para la oposici\u00f3n y para cualquiera que act\u00fae bajo sus efectos\u201d, afirm\u00f3 con contundencia.<\/p>\n<p>El dirigente destac\u00f3 que, en una democracia s\u00f3lida, la oposici\u00f3n debe ser responsable, propositiva y respetuosa, pero una minor\u00eda parece confundir su rol con la confrontaci\u00f3n irresponsable. \u201cHay quienes parecen olvidar que los momentos pol\u00edticos no se repiten y que pretender cambiar el rumbo de esta democracia enderezada por el presidente Luis Abinader es un sue\u00f1o imposible\u201d, enfatiz\u00f3.<\/p>\n<p>Hern\u00e1ndez Alberto resalt\u00f3 el compromiso del presidente Abinader con el pueblo y con la sociedad dominicana, subrayando que ning\u00fan otro mandatario ha escuchado m\u00e1s ni ha dado mayor importancia a la participaci\u00f3n ciudadana. \u201cNadie ha escuchado m\u00e1s a su pueblo, nadie ha escuchado m\u00e1s a la sociedad, nadie ha escuchado m\u00e1s a la oposici\u00f3n que el presidente Luis Abinader\u201d, puntualiz\u00f3.<\/p>\n<p>El dirigente critic\u00f3 la actitud de la oposici\u00f3n que ha intentado aprovechar la libertad democr\u00e1tica para promover el desorden y la divisi\u00f3n. \u201cLa oposici\u00f3n tiene derecho a existir, pero algunos han confundido la libertad con libertinaje, y eso perjudica al pa\u00eds\u201d, advirti\u00f3.<\/p>\n<p>Hern\u00e1ndez Alberto inst\u00f3 a los opositores a actuar con sensatez y a presentar propuestas serias y coherentes, dejando atr\u00e1s las acciones que carecen de credibilidad y responsabilidad. \u201cUna oposici\u00f3n responsable fortalece la democracia; una oposici\u00f3n irracional solo genera caos y desconcierto\u201d, afirm\u00f3.<\/p>\n<p>Destac\u00f3 adem\u00e1s que la gesti\u00f3n de Luis Abinader ha logrado estabilizar la democracia dominicana, manteniendo un equilibrio entre la libertad ciudadana y la disciplina institucional. \u201cQuien pretende cuestionar el liderazgo del presidente Abinader est\u00e1 ignorando los logros y avances que ha conseguido para el pa\u00eds\u201d, sostuvo.<\/p>\n<p>El dirigente pol\u00edtico hizo un llamado a la reflexi\u00f3n y a la prudencia: \u201cLos tiempos han cambiado, las circunstancias han cambiado, y la Rep\u00fablica Dominicana vive un ambiente de libertad plena. No se puede abusar de esa libertad para socavar el progreso de la naci\u00f3n\u201d.<\/p>\n<p>Finalmente, Hern\u00e1ndez Alberto reafirm\u00f3 su apoyo al presidente Luis Abinader y su gesti\u00f3n, instando a la oposici\u00f3n a asumir un rol constructivo o, de lo contrario, reconocer que la democracia no se debilita por su mala actuaci\u00f3n, sino que se fortalece con l\u00edderes responsables. \u201cEl pa\u00eds avanza gracias a un liderazgo firme y visionario, y no por la oposici\u00f3n que act\u00faa sin rumbo ni respeto\u201d, concluy\u00f3.<img loading=\"lazy\" decoding=\"async\" class=\"size-medium wp-image-3297 alignright\" src=\"https:\/\/periodicolarepublica.com\/wp-content\/uploads\/2025\/05\/IMG_20250516_084326-300x184.jpg\" alt=\"\" width=\"300\" height=\"184\" srcset=\"https:\/\/periodicolarepublica.com\/wp-content\/uploads\/2025\/05\/IMG_20250516_084326-300x184.jpg?v=1747404734 300w, https:\/\/periodicolarepublica.com\/wp-content\/uploads\/2025\/05\/IMG_20250516_084326-768x472.jpg?v=1747404734 768w, https:\/\/periodicolarepublica.com\/wp-content\/uploads\/2025\/05\/IMG_20250516_084326-150x92.jpg?v=1747404734 150w, https:\/\/periodicolarepublica.com\/wp-content\/uploads\/2025\/05\/IMG_20250516_084326-600x368.jpg?v=1747404734 600w, https:\/\/periodicolarepublica.com\/wp-content\/uploads\/2025\/05\/IMG_20250516_084326-696x427.jpg?v=1747404734 696w, https:\/\/periodicolarepublica.com\/wp-content\/uploads\/2025\/05\/IMG_20250516_084326.jpg?v=1747404734 961w\" sizes=\"auto, (max-width: 300px) 100vw, 300px\" \/><\/p>\n","protected":false},"excerpt":{"rendered":"<p>Santo Domingo, \u2013 Tom\u00e1s Hern\u00e1ndez Alberto cuestion\u00f3 fuertemente la actitud de ciertos sectores de la oposici\u00f3n pol\u00edtica, advirtiendo que la desesperaci\u00f3n los ha llevado a actuar de manera irracional y contraproducente para el pa\u00eds. \u201cLa desesperaci\u00f3n es, sin lugar a duda, da\u00f1ina para la oposici\u00f3n y para cualquiera que act\u00fae bajo sus efectos\u201d, afirm\u00f3 con [&hellip;]<\/p>\n","protected":false},"author":10,"featured_media":3297,"comment_status":"open","ping_status":"open","sticky":false,"template":"","format":"standard","meta":{"om_disable_all_campaigns":false,"_monsterinsights_skip_tracking":false,"_monsterinsights_sitenote_active":false,"_monsterinsights_sitenote_note":"","_monsterinsights_sitenote_category":0,"footnotes":""},"categories":[1],"tags":[163],"class_list":{"0":"post-4032","1":"post","2":"type-post","3":"status-publish","4":"format-standard","5":"has-post-thumbnail","7":"category-nacionales","8":"tag-tomas-hernandez-alberto"},"aioseo_notices":[],"_links":{"self":[{"href":"https:\/\/periodicolarepublica.com\/index.php\/wp-json\/wp\/v2\/posts\/4032","targetHints":{"allow":["GET"]}}],"collection":[{"href":"https:\/\/periodicolarepublica.com\/index.php\/wp-json\/wp\/v2\/posts"}],"about":[{"href":"https:\/\/periodicolarepublica.com\/index.php\/wp-json\/wp\/v2\/types\/post"}],"author":[{"embeddable":true,"href":"https:\/\/periodicolarepublica.com\/index.php\/wp-json\/wp\/v2\/users\/10"}],"replies":[{"embeddable":true,"href":"https:\/\/periodicolarepublica.com\/index.php\/wp-json\/wp\/v2\/comments?post=4032"}],"version-history":[{"count":1,"href":"https:\/\/periodicolarepublica.com\/index.php\/wp-json\/wp\/v2\/posts\/4032\/revisions"}],"predecessor-version":[{"id":4033,"href":"https:\/\/periodicolarepublica.com\/index.php\/wp-json\/wp\/v2\/posts\/4032\/revisions\/4033"}],"wp:featuredmedia":[{"embeddable":true,"href":"https:\/\/periodicolarepublica.com\/index.php\/wp-json\/wp\/v2\/media\/3297"}],"wp:attachment":[{"href":"https:\/\/periodicolarepublica.com\/index.php\/wp-json\/wp\/v2\/media?parent=4032"}],"wp:term":[{"taxonomy":"category","embeddable":true,"href":"https:\/\/periodicolarepublica.com\/index.php\/wp-json\/wp\/v2\/categories?post=4032"},{"taxonomy":"post_tag","embeddable":true,"href":"https:\/\/periodicolarepublica.com\/index.php\/wp-json\/wp\/v2\/tags?post=4032"}],"curies":[{"name":"wp","href":"https:\/\/api.w.org\/{rel}","templated":true}]}}