{"id":4034,"date":"2025-09-08T20:15:17","date_gmt":"2025-09-08T18:15:17","guid":{"rendered":"https:\/\/periodicolarepublica.com\/?p=4034"},"modified":"2025-09-08T20:15:17","modified_gmt":"2025-09-08T18:15:17","slug":"dra-tammy-toribio-impartira-conferencia-en-el-xxiii-congreso-internacional-semal-en-madrid","status":"publish","type":"post","link":"https:\/\/periodicolarepublica.com\/index.php\/2025\/09\/08\/dra-tammy-toribio-impartira-conferencia-en-el-xxiii-congreso-internacional-semal-en-madrid\/","title":{"rendered":"Dra. Tammy Toribio impartir\u00e1 conferencia en el XXIII Congreso Internacional SEMAL en Madrid"},"content":{"rendered":"<p>Madrid, Espa\u00f1a. \u2013 La reconocida especialista en est\u00e9tica m\u00e9dica, Dra. Tammy Toribio, participar\u00e1 como conferencista en el XXIII Congreso Internacional de Medicina Antienvejecimiento y Est\u00e9tica M\u00e9dica (SEMAL), a celebrarse del 2 al 4 de octubre de 2025 en Madrid.<\/p>\n<p>En el marco de este importante encuentro cient\u00edfico, la doctora expondr\u00e1 la conferencia titulada:<br \/>\n\u201cAbordaje Est\u00e9tico del Paciente Oncol\u00f3gico: Dermocosm\u00e9tica, tratamientos de reposici\u00f3n de volumen e inductores de col\u00e1geno en rostro cadav\u00e9rico\u201d, una ponencia innovadora que busca aportar soluciones especializadas para mejorar la calidad de vida y la autoestima de los pacientes que enfrentan o han superado procesos oncol\u00f3gicos.<\/p>\n<p>\u00bfQu\u00e9 es SEMAL?<\/p>\n<p>La Sociedad Espa\u00f1ola de Medicina Antienvejecimiento y Longevidad (SEMAL) es una instituci\u00f3n m\u00e9dico-cient\u00edfica sin \u00e1nimo de lucro fundada en 1984, dedicada a la promoci\u00f3n de los avances en medicina antienvejecimiento y est\u00e9tica m\u00e9dica. Entre sus objetivos se encuentran la formaci\u00f3n profesional, la divulgaci\u00f3n a trav\u00e9s de publicaciones cient\u00edficas y la organizaci\u00f3n de congresos y eventos internacionales.<\/p>\n<p>El Congreso Internacional SEMAL se ha consolidado como una de las plataformas m\u00e1s relevantes en Europa para el intercambio de conocimientos y experiencias en el campo de la medicina antienvejecimiento, est\u00e9tica y longevidad. Durante tres d\u00edas, m\u00e9dicos e investigadores de distintos pa\u00edses compartir\u00e1n hallazgos, tendencias y t\u00e9cnicas de vanguardia en beneficio de la pr\u00e1ctica m\u00e9dica y el bienestar de los pacientes.<\/p>\n<p>Con la participaci\u00f3n de la Dra. Tammy Toribio, Rep\u00fablica Dominicana tendr\u00e1 una digna representante en este escenario internacional, contribuyendo con su experiencia y trayectoria al avance de la medicina est\u00e9tica aplicada al paciente oncol\u00f3gico.<img loading=\"lazy\" decoding=\"async\" class=\"size-medium wp-image-4035 alignright\" src=\"https:\/\/periodicolarepublica.com\/wp-content\/uploads\/2025\/09\/IMG-20250906-WA0132-e1757355306790-293x300.jpg\" alt=\"\" width=\"293\" height=\"300\" srcset=\"https:\/\/periodicolarepublica.com\/wp-content\/uploads\/2025\/09\/IMG-20250906-WA0132-e1757355306790-293x300.jpg?v=1757355252 293w, https:\/\/periodicolarepublica.com\/wp-content\/uploads\/2025\/09\/IMG-20250906-WA0132-e1757355306790-150x154.jpg?v=1757355252 150w, https:\/\/periodicolarepublica.com\/wp-content\/uploads\/2025\/09\/IMG-20250906-WA0132-e1757355306790-300x307.jpg?v=1757355252 300w, https:\/\/periodicolarepublica.com\/wp-content\/uploads\/2025\/09\/IMG-20250906-WA0132-e1757355306790.jpg?v=1757355252 555w\" sizes=\"auto, (max-width: 293px) 100vw, 293px\" \/><\/p>\n","protected":false},"excerpt":{"rendered":"<p>Madrid, Espa\u00f1a. \u2013 La reconocida especialista en est\u00e9tica m\u00e9dica, Dra. Tammy Toribio, participar\u00e1 como conferencista en el XXIII Congreso Internacional de Medicina Antienvejecimiento y Est\u00e9tica M\u00e9dica (SEMAL), a celebrarse del 2 al 4 de octubre de 2025 en Madrid. En el marco de este importante encuentro cient\u00edfico, la doctora expondr\u00e1 la conferencia titulada: \u201cAbordaje Est\u00e9tico [&hellip;]<\/p>\n","protected":false},"author":10,"featured_media":4035,"comment_status":"open","ping_status":"open","sticky":false,"template":"","format":"standard","meta":{"om_disable_all_campaigns":false,"_monsterinsights_skip_tracking":false,"_monsterinsights_sitenote_active":false,"_monsterinsights_sitenote_note":"","_monsterinsights_sitenote_category":0,"footnotes":""},"categories":[1],"tags":[],"class_list":{"0":"post-4034","1":"post","2":"type-post","3":"status-publish","4":"format-standard","5":"has-post-thumbnail","7":"category-nacionales"},"aioseo_notices":[],"_links":{"self":[{"href":"https:\/\/periodicolarepublica.com\/index.php\/wp-json\/wp\/v2\/posts\/4034","targetHints":{"allow":["GET"]}}],"collection":[{"href":"https:\/\/periodicolarepublica.com\/index.php\/wp-json\/wp\/v2\/posts"}],"about":[{"href":"https:\/\/periodicolarepublica.com\/index.php\/wp-json\/wp\/v2\/types\/post"}],"author":[{"embeddable":true,"href":"https:\/\/periodicolarepublica.com\/index.php\/wp-json\/wp\/v2\/users\/10"}],"replies":[{"embeddable":true,"href":"https:\/\/periodicolarepublica.com\/index.php\/wp-json\/wp\/v2\/comments?post=4034"}],"version-history":[{"count":1,"href":"https:\/\/periodicolarepublica.com\/index.php\/wp-json\/wp\/v2\/posts\/4034\/revisions"}],"predecessor-version":[{"id":4036,"href":"https:\/\/periodicolarepublica.com\/index.php\/wp-json\/wp\/v2\/posts\/4034\/revisions\/4036"}],"wp:featuredmedia":[{"embeddable":true,"href":"https:\/\/periodicolarepublica.com\/index.php\/wp-json\/wp\/v2\/media\/4035"}],"wp:attachment":[{"href":"https:\/\/periodicolarepublica.com\/index.php\/wp-json\/wp\/v2\/media?parent=4034"}],"wp:term":[{"taxonomy":"category","embeddable":true,"href":"https:\/\/periodicolarepublica.com\/index.php\/wp-json\/wp\/v2\/categories?post=4034"},{"taxonomy":"post_tag","embeddable":true,"href":"https:\/\/periodicolarepublica.com\/index.php\/wp-json\/wp\/v2\/tags?post=4034"}],"curies":[{"name":"wp","href":"https:\/\/api.w.org\/{rel}","templated":true}]}}