{"id":4037,"date":"2025-09-10T20:13:40","date_gmt":"2025-09-10T18:13:40","guid":{"rendered":"https:\/\/periodicolarepublica.com\/?p=4037"},"modified":"2025-09-10T20:13:40","modified_gmt":"2025-09-10T18:13:40","slug":"asonahores-inaugura-exposicion-comercial-2025","status":"publish","type":"post","link":"https:\/\/periodicolarepublica.com\/index.php\/2025\/09\/10\/asonahores-inaugura-exposicion-comercial-2025\/","title":{"rendered":"Asonahores inaugura Exposici\u00f3n Comercial 2025"},"content":{"rendered":"<p>Turismo genera m\u00e1s de RD$155 mil millones al fisco y lidera inversi\u00f3n extranjera en la Rep\u00fablica Dominicana<\/p>\n<p>La feria est\u00e1 dedicada a Luis Emilio Velutini por su invaluable aporte al desarrollo del turismo dominicano<\/p>\n<p>La Asociaci\u00f3n de Hoteles y Turismo de la Rep\u00fablica Dominicana (ASONAHORES) inaugur\u00f3 hoy la 37ava Exposici\u00f3n Comercial, el evento m\u00e1s influyente de la cadena de valor tur\u00edstica en el pa\u00eds y en el Caribe, reafirmando al turismo como el principal motor de la econom\u00eda dominicana y pilar estrat\u00e9gico de su desarrollo.<\/p>\n<p><img loading=\"lazy\" decoding=\"async\" class=\"alignnone size-medium wp-image-4038\" src=\"https:\/\/periodicolarepublica.com\/wp-content\/uploads\/2025\/09\/Franklin-Garcia-Fermin-Aguie-Lendor-Juan-Bancalari-David-Collado-Luis-Emilio-Veluttini-y-Frank-Rainieri-3-scaled-e1757527990329-300x226.jpeg\" alt=\"\" width=\"300\" height=\"226\" srcset=\"https:\/\/periodicolarepublica.com\/wp-content\/uploads\/2025\/09\/Franklin-Garcia-Fermin-Aguie-Lendor-Juan-Bancalari-David-Collado-Luis-Emilio-Veluttini-y-Frank-Rainieri-3-scaled-e1757527990329-300x226.jpeg 300w, https:\/\/periodicolarepublica.com\/wp-content\/uploads\/2025\/09\/Franklin-Garcia-Fermin-Aguie-Lendor-Juan-Bancalari-David-Collado-Luis-Emilio-Veluttini-y-Frank-Rainieri-3-scaled-e1757527990329-1024x773.jpeg 1024w, https:\/\/periodicolarepublica.com\/wp-content\/uploads\/2025\/09\/Franklin-Garcia-Fermin-Aguie-Lendor-Juan-Bancalari-David-Collado-Luis-Emilio-Veluttini-y-Frank-Rainieri-3-scaled-e1757527990329-768x580.jpeg 768w, https:\/\/periodicolarepublica.com\/wp-content\/uploads\/2025\/09\/Franklin-Garcia-Fermin-Aguie-Lendor-Juan-Bancalari-David-Collado-Luis-Emilio-Veluttini-y-Frank-Rainieri-3-scaled-e1757527990329-1536x1160.jpeg 1536w, https:\/\/periodicolarepublica.com\/wp-content\/uploads\/2025\/09\/Franklin-Garcia-Fermin-Aguie-Lendor-Juan-Bancalari-David-Collado-Luis-Emilio-Veluttini-y-Frank-Rainieri-3-scaled-e1757527990329-150x113.jpeg 150w, https:\/\/periodicolarepublica.com\/wp-content\/uploads\/2025\/09\/Franklin-Garcia-Fermin-Aguie-Lendor-Juan-Bancalari-David-Collado-Luis-Emilio-Veluttini-y-Frank-Rainieri-3-scaled-e1757527990329-600x453.jpeg 600w, https:\/\/periodicolarepublica.com\/wp-content\/uploads\/2025\/09\/Franklin-Garcia-Fermin-Aguie-Lendor-Juan-Bancalari-David-Collado-Luis-Emilio-Veluttini-y-Frank-Rainieri-3-scaled-e1757527990329-696x525.jpeg 696w, https:\/\/periodicolarepublica.com\/wp-content\/uploads\/2025\/09\/Franklin-Garcia-Fermin-Aguie-Lendor-Juan-Bancalari-David-Collado-Luis-Emilio-Veluttini-y-Frank-Rainieri-3-scaled-e1757527990329-1392x1051.jpeg 1392w, https:\/\/periodicolarepublica.com\/wp-content\/uploads\/2025\/09\/Franklin-Garcia-Fermin-Aguie-Lendor-Juan-Bancalari-David-Collado-Luis-Emilio-Veluttini-y-Frank-Rainieri-3-scaled-e1757527990329-1068x806.jpeg 1068w, https:\/\/periodicolarepublica.com\/wp-content\/uploads\/2025\/09\/Franklin-Garcia-Fermin-Aguie-Lendor-Juan-Bancalari-David-Collado-Luis-Emilio-Veluttini-y-Frank-Rainieri-3-scaled-e1757527990329.jpeg 1828w\" sizes=\"auto, (max-width: 300px) 100vw, 300px\" \/><\/p>\n","protected":false},"excerpt":{"rendered":"<p>Turismo genera m\u00e1s de RD$155 mil millones al fisco y lidera inversi\u00f3n extranjera en la Rep\u00fablica Dominicana La feria est\u00e1 dedicada a Luis Emilio Velutini por su invaluable aporte al desarrollo del turismo dominicano La Asociaci\u00f3n de Hoteles y Turismo de la Rep\u00fablica Dominicana (ASONAHORES) inaugur\u00f3 hoy la 37ava Exposici\u00f3n Comercial, el evento m\u00e1s influyente [&hellip;]<\/p>\n","protected":false},"author":6,"featured_media":4038,"comment_status":"open","ping_status":"open","sticky":false,"template":"","format":"standard","meta":{"om_disable_all_campaigns":false,"_monsterinsights_skip_tracking":false,"_monsterinsights_sitenote_active":false,"_monsterinsights_sitenote_note":"","_monsterinsights_sitenote_category":0,"footnotes":""},"categories":[1,20],"tags":[],"class_list":{"0":"post-4037","1":"post","2":"type-post","3":"status-publish","4":"format-standard","5":"has-post-thumbnail","7":"category-nacionales","8":"category-turismo"},"aioseo_notices":[],"_links":{"self":[{"href":"https:\/\/periodicolarepublica.com\/index.php\/wp-json\/wp\/v2\/posts\/4037","targetHints":{"allow":["GET"]}}],"collection":[{"href":"https:\/\/periodicolarepublica.com\/index.php\/wp-json\/wp\/v2\/posts"}],"about":[{"href":"https:\/\/periodicolarepublica.com\/index.php\/wp-json\/wp\/v2\/types\/post"}],"author":[{"embeddable":true,"href":"https:\/\/periodicolarepublica.com\/index.php\/wp-json\/wp\/v2\/users\/6"}],"replies":[{"embeddable":true,"href":"https:\/\/periodicolarepublica.com\/index.php\/wp-json\/wp\/v2\/comments?post=4037"}],"version-history":[{"count":1,"href":"https:\/\/periodicolarepublica.com\/index.php\/wp-json\/wp\/v2\/posts\/4037\/revisions"}],"predecessor-version":[{"id":4039,"href":"https:\/\/periodicolarepublica.com\/index.php\/wp-json\/wp\/v2\/posts\/4037\/revisions\/4039"}],"wp:featuredmedia":[{"embeddable":true,"href":"https:\/\/periodicolarepublica.com\/index.php\/wp-json\/wp\/v2\/media\/4038"}],"wp:attachment":[{"href":"https:\/\/periodicolarepublica.com\/index.php\/wp-json\/wp\/v2\/media?parent=4037"}],"wp:term":[{"taxonomy":"category","embeddable":true,"href":"https:\/\/periodicolarepublica.com\/index.php\/wp-json\/wp\/v2\/categories?post=4037"},{"taxonomy":"post_tag","embeddable":true,"href":"https:\/\/periodicolarepublica.com\/index.php\/wp-json\/wp\/v2\/tags?post=4037"}],"curies":[{"name":"wp","href":"https:\/\/api.w.org\/{rel}","templated":true}]}}