{"id":4041,"date":"2025-09-10T21:25:21","date_gmt":"2025-09-10T19:25:21","guid":{"rendered":"https:\/\/periodicolarepublica.com\/?p=4041"},"modified":"2025-09-10T21:25:21","modified_gmt":"2025-09-10T19:25:21","slug":"carlos-de-jesus-realiza-multitudinario-encuentro-por-el-futuro-de-santo-domingo-este","status":"publish","type":"post","link":"https:\/\/periodicolarepublica.com\/index.php\/2025\/09\/10\/carlos-de-jesus-realiza-multitudinario-encuentro-por-el-futuro-de-santo-domingo-este\/","title":{"rendered":"Carlos de Jesus realiza multitudinario encuentro, \u00abPor el futuro de Santo Domingo Este\u00bb\u00a0"},"content":{"rendered":"<p style=\"text-align: left;\">Con un mensaje de esperanza y compromiso, el exdiputado Carlos de Jes\u00fas encabez\u00f3 este d\u00eda 9 de Septiembre el \u201cEncuentro por el Futuro de Santo Domingo Este\u201d, realizado en el tercer nivel, local Grupo SAM, Plaza Galerias del Este de la Avenida San Vicente de Pa\u00fal.<\/p>\n<p style=\"text-align: left;\">El evento reuni\u00f3 a dirigentes, movimientos de apoyo y ciudadanos comprometidos con el fortalecimiento del Partido Revolucionario Moderno (PRM) y la transformaci\u00f3n del municipio.<\/p>\n<p style=\"text-align: left;\">En su discurso, Carlos de Jes\u00fas destac\u00f3 la importancia de trabajar por un Santo Domingo Este con visi\u00f3n y desarrollo, alineado con los principios de transparencia y progreso impulsados por el presidente Luis Abinader. \u201cNo aceptamos menos de lo que merecemos. Nuestro municipio necesita un plan claro, y nosotros lo tenemos\u201d, afirm\u00f3, motivando a las bases del PRM a organizarse para llegar al ayuntamiento en las pr\u00f3ximas elecciones.<\/p>\n<p style=\"text-align: left;\">\n<p style=\"text-align: left;\">El encuentro cont\u00f3 con la presencia del presidente del PRM en Santo Domingo Este, Ing. Adan Peguero, y los dirigentes Municipales Manuel Tejada y Porfirio Peralta, as\u00ed como l\u00edderes de movimientos como Guardianes por el Cambio, encabezado por Eddy Guerrero; Movimiento Modi, representado por Carlos Hiciano; Movimiento Renacer, liderado por Ana Norkelis Mej\u00eda; y la Dra. Yanet Acosta, presidenta del equipo de abogados del precandidato a senador Francisco Fern\u00e1ndez.<\/p>\n<p style=\"text-align: left;\">\n<p style=\"text-align: left;\">Tambi\u00e9n se destac\u00f3 la participaci\u00f3n de Jhonny Jim\u00e9nez, conocido como \u201cLa Chapa\u201d, y numerosos simpatizantes que respaldan la visi\u00f3n de un municipio pr\u00f3spero.<\/p>\n<p style=\"text-align: left;\">\n<p style=\"text-align: left;\">Carlos de Jes\u00fas hizo un llamado a la acci\u00f3n, invitando a los presentes a formar y juramentar comit\u00e9s de base para consolidar el apoyo pol\u00edtico. \u201cSomos arquitectos de nuestro futuro, y la confianza que nos define nos llevar\u00e1 al \u00e9xito\u201d, expres\u00f3, enfatizando que el PRM debe ser un motor de transformaci\u00f3n sin caer en pr\u00e1cticas de improvisaci\u00f3n o falta de transparencia.<\/p>\n<p style=\"text-align: left;\">\n<p style=\"text-align: left;\">El exdiputado rechaz\u00f3 con firmeza cualquier comportamiento que contradiga los valores del partido, como la opacidad o el incumplimiento, y se comprometi\u00f3 a trabajar por las familias, los j\u00f3venes y los trabajadores de Santo Domingo Este.<\/p>\n<p style=\"text-align: left;\">\u00a0\u201cNo vengo a prometer milagros, sino a comprometerme con cada madre que madruga, con cada joven que sue\u00f1a y con cada trabajador que no se rinde\u201d, asegur\u00f3.<\/p>\n<p style=\"text-align: left;\">El evento tambi\u00e9n sirvi\u00f3 para presentar parte del equipo de trabajo que acompa\u00f1ar\u00e1 a Carlos de Jes\u00fas en esta misi\u00f3n, liderado por el comunicador Irineo.<\/p>\n<p style=\"text-align: left;\">\n<p style=\"text-align: left;\">Con un mensaje de unidad, el l\u00edder pol\u00edtico inst\u00f3 a cuidar las siglas del PRM y a promover un proyecto inclusivo sin desmeritar a otros compa\u00f1eros del partido.<\/p>\n<p style=\"text-align: left;\">\n<p style=\"text-align: left;\">El \u201cEncuentro por el Futuro de Santo Domingo Este\u201d marc\u00f3 un hito en la movilizaci\u00f3n de las bases del PRM, consolidando el compromiso de construir un municipio que no sea visto como un problema, sino como un motor de desarrollo nacional.<\/p>\n<p style=\"text-align: left;\">Con esta actividad, Carlos de Jes\u00fas reafirma su liderazgo y su apuesta por un futuro de progreso y transparencia para Santo Domingo Este.<\/p>\n<p><img loading=\"lazy\" decoding=\"async\" class=\"alignnone size-medium wp-image-4042\" src=\"https:\/\/periodicolarepublica.com\/wp-content\/uploads\/2025\/09\/IMG-20250910-WA0030-300x245.jpg\" alt=\"\" width=\"300\" height=\"245\" srcset=\"https:\/\/periodicolarepublica.com\/wp-content\/uploads\/2025\/09\/IMG-20250910-WA0030-300x245.jpg 300w, https:\/\/periodicolarepublica.com\/wp-content\/uploads\/2025\/09\/IMG-20250910-WA0030-1024x836.jpg 1024w, https:\/\/periodicolarepublica.com\/wp-content\/uploads\/2025\/09\/IMG-20250910-WA0030-768x627.jpg 768w, https:\/\/periodicolarepublica.com\/wp-content\/uploads\/2025\/09\/IMG-20250910-WA0030-150x122.jpg 150w, https:\/\/periodicolarepublica.com\/wp-content\/uploads\/2025\/09\/IMG-20250910-WA0030-600x490.jpg 600w, https:\/\/periodicolarepublica.com\/wp-content\/uploads\/2025\/09\/IMG-20250910-WA0030-696x568.jpg 696w, https:\/\/periodicolarepublica.com\/wp-content\/uploads\/2025\/09\/IMG-20250910-WA0030-1068x872.jpg 1068w, https:\/\/periodicolarepublica.com\/wp-content\/uploads\/2025\/09\/IMG-20250910-WA0030.jpg 1280w\" sizes=\"auto, (max-width: 300px) 100vw, 300px\" \/><\/p>\n","protected":false},"excerpt":{"rendered":"<p>Con un mensaje de esperanza y compromiso, el exdiputado Carlos de Jes\u00fas encabez\u00f3 este d\u00eda 9 de Septiembre el \u201cEncuentro por el Futuro de Santo Domingo Este\u201d, realizado en el tercer nivel, local Grupo SAM, Plaza Galerias del Este de la Avenida San Vicente de Pa\u00fal. El evento reuni\u00f3 a dirigentes, movimientos de apoyo y [&hellip;]<\/p>\n","protected":false},"author":6,"featured_media":4042,"comment_status":"open","ping_status":"open","sticky":false,"template":"","format":"standard","meta":{"om_disable_all_campaigns":false,"_monsterinsights_skip_tracking":false,"_monsterinsights_sitenote_active":false,"_monsterinsights_sitenote_note":"","_monsterinsights_sitenote_category":0,"footnotes":""},"categories":[1],"tags":[],"class_list":{"0":"post-4041","1":"post","2":"type-post","3":"status-publish","4":"format-standard","5":"has-post-thumbnail","7":"category-nacionales"},"aioseo_notices":[],"_links":{"self":[{"href":"https:\/\/periodicolarepublica.com\/index.php\/wp-json\/wp\/v2\/posts\/4041","targetHints":{"allow":["GET"]}}],"collection":[{"href":"https:\/\/periodicolarepublica.com\/index.php\/wp-json\/wp\/v2\/posts"}],"about":[{"href":"https:\/\/periodicolarepublica.com\/index.php\/wp-json\/wp\/v2\/types\/post"}],"author":[{"embeddable":true,"href":"https:\/\/periodicolarepublica.com\/index.php\/wp-json\/wp\/v2\/users\/6"}],"replies":[{"embeddable":true,"href":"https:\/\/periodicolarepublica.com\/index.php\/wp-json\/wp\/v2\/comments?post=4041"}],"version-history":[{"count":1,"href":"https:\/\/periodicolarepublica.com\/index.php\/wp-json\/wp\/v2\/posts\/4041\/revisions"}],"predecessor-version":[{"id":4043,"href":"https:\/\/periodicolarepublica.com\/index.php\/wp-json\/wp\/v2\/posts\/4041\/revisions\/4043"}],"wp:featuredmedia":[{"embeddable":true,"href":"https:\/\/periodicolarepublica.com\/index.php\/wp-json\/wp\/v2\/media\/4042"}],"wp:attachment":[{"href":"https:\/\/periodicolarepublica.com\/index.php\/wp-json\/wp\/v2\/media?parent=4041"}],"wp:term":[{"taxonomy":"category","embeddable":true,"href":"https:\/\/periodicolarepublica.com\/index.php\/wp-json\/wp\/v2\/categories?post=4041"},{"taxonomy":"post_tag","embeddable":true,"href":"https:\/\/periodicolarepublica.com\/index.php\/wp-json\/wp\/v2\/tags?post=4041"}],"curies":[{"name":"wp","href":"https:\/\/api.w.org\/{rel}","templated":true}]}}