{"id":4044,"date":"2025-09-10T21:36:12","date_gmt":"2025-09-10T19:36:12","guid":{"rendered":"https:\/\/periodicolarepublica.com\/?p=4044"},"modified":"2025-09-10T21:36:12","modified_gmt":"2025-09-10T19:36:12","slug":"hotel-wp-santo-domingo-presenta-su-tradicional-evento-corporativo-navideno-e-inaugura-nuevo-espacio-el-jardin","status":"publish","type":"post","link":"https:\/\/periodicolarepublica.com\/index.php\/2025\/09\/10\/hotel-wp-santo-domingo-presenta-su-tradicional-evento-corporativo-navideno-e-inaugura-nuevo-espacio-el-jardin\/","title":{"rendered":"Hotel W&#038;P Santo Domingo presenta su tradicional evento corporativo navide\u00f1o e* *inaugura nuevo espacio* \u201c*El Jard\u00edn\u201d"},"content":{"rendered":"<p>Santo Domingo.- El Hotel W&amp;P Santo Domingo inaugur\u00f3 oficialmente su temporada navide\u00f1a con la celebraci\u00f3n de su tradicional evento corporativo, bajo el lema de este a\u00f1o: \u201cNavidad en casa\u201d. Este concepto busca transmitir cercan\u00eda, calidez y la esencia de compartir en un ambiente acogedor, posicionando al hotel como el lugar ideal para que empresas y familias vivan sus celebraciones de fin de a\u00f1o.<\/p>\n<p>&nbsp;<\/p>\n<p>El encuentro, que ya se ha convertido en una tradici\u00f3n para clientes corporativos y sociales, ofreci\u00f3 la oportunidad de descubrir las novedades del hotel, disfrutar de men\u00fas especiales y planificar celebraciones memorables.<\/p>\n<p>&nbsp;<\/p>\n<p>Como parte de su propuesta, el Hotel W&amp;P Santo Domingo reafirm\u00f3 su liderazgo en la organizaci\u00f3n de eventos con una amplia oferta de salones con capacidad para hasta 400 personas, ideales para actividades empresariales, familiares y sociales.<\/p>\n<p>&nbsp;<\/p>\n<p>Entre las principales novedades de este a\u00f1o se destac\u00f3 la reinauguraci\u00f3n de \u201cEl Jard\u00edn\u201d, un espacio al aire libre dise\u00f1ado especialmente para bodas, cumplea\u00f1os, bautizos y recepciones. Este moderno escenario se suma a la propuesta tradicional del hotel, ofreciendo un ambiente natural, elegante y vers\u00e1til.<\/p>\n<p>&nbsp;<\/p>\n<p>Adem\u00e1s, el hotel anunci\u00f3 la renovaci\u00f3n de sus habitaciones en las categor\u00edas Ejecutivas, Deluxe y Rooftop Suites, que ahora presentan un dise\u00f1o m\u00e1s contempor\u00e1neo, mayor confort y todas las facilidades adaptadas a las nuevas tendencias de la hospitalidad.<\/p>\n<p>&nbsp;<\/p>\n<p>Finalmente, la Directora de Ventas, Rebeca Guzm\u00e1n, destac\u00f3 que el Hotel W&amp;P Santo Domingo contin\u00faa evolucionando para brindar experiencias m\u00e1s completas y alineadas a las necesidades de sus clientes. Se\u00f1al\u00f3 que la creaci\u00f3n de El Jard\u00edn, la renovaci\u00f3n de las habitaciones y el lema \u201cNavidad en casa\u201d forman parte del compromiso del hotel de combinar innovaci\u00f3n con la esencia de cercan\u00eda y hospitalidad que lo caracteriza.<\/p>\n<p>O<img loading=\"lazy\" decoding=\"async\" class=\"alignnone size-medium wp-image-4045\" src=\"https:\/\/periodicolarepublica.com\/wp-content\/uploads\/2025\/09\/IMG-20250910-WA0031-300x200.jpg\" alt=\"\" width=\"300\" height=\"200\" srcset=\"https:\/\/periodicolarepublica.com\/wp-content\/uploads\/2025\/09\/IMG-20250910-WA0031-300x200.jpg 300w, https:\/\/periodicolarepublica.com\/wp-content\/uploads\/2025\/09\/IMG-20250910-WA0031-1024x683.jpg 1024w, https:\/\/periodicolarepublica.com\/wp-content\/uploads\/2025\/09\/IMG-20250910-WA0031-768x512.jpg 768w, https:\/\/periodicolarepublica.com\/wp-content\/uploads\/2025\/09\/IMG-20250910-WA0031-150x100.jpg 150w, https:\/\/periodicolarepublica.com\/wp-content\/uploads\/2025\/09\/IMG-20250910-WA0031-600x400.jpg 600w, https:\/\/periodicolarepublica.com\/wp-content\/uploads\/2025\/09\/IMG-20250910-WA0031-696x464.jpg 696w, https:\/\/periodicolarepublica.com\/wp-content\/uploads\/2025\/09\/IMG-20250910-WA0031-1068x712.jpg 1068w, https:\/\/periodicolarepublica.com\/wp-content\/uploads\/2025\/09\/IMG-20250910-WA0031.jpg 1245w\" sizes=\"auto, (max-width: 300px) 100vw, 300px\" \/><\/p>\n","protected":false},"excerpt":{"rendered":"<p>Santo Domingo.- El Hotel W&amp;P Santo Domingo inaugur\u00f3 oficialmente su temporada navide\u00f1a con la celebraci\u00f3n de su tradicional evento corporativo, bajo el lema de este a\u00f1o: \u201cNavidad en casa\u201d. Este concepto busca transmitir cercan\u00eda, calidez y la esencia de compartir en un ambiente acogedor, posicionando al hotel como el lugar ideal para que empresas y [&hellip;]<\/p>\n","protected":false},"author":6,"featured_media":4045,"comment_status":"open","ping_status":"open","sticky":false,"template":"","format":"standard","meta":{"om_disable_all_campaigns":false,"_monsterinsights_skip_tracking":false,"_monsterinsights_sitenote_active":false,"_monsterinsights_sitenote_note":"","_monsterinsights_sitenote_category":0,"footnotes":""},"categories":[1],"tags":[],"class_list":{"0":"post-4044","1":"post","2":"type-post","3":"status-publish","4":"format-standard","5":"has-post-thumbnail","7":"category-nacionales"},"aioseo_notices":[],"_links":{"self":[{"href":"https:\/\/periodicolarepublica.com\/index.php\/wp-json\/wp\/v2\/posts\/4044","targetHints":{"allow":["GET"]}}],"collection":[{"href":"https:\/\/periodicolarepublica.com\/index.php\/wp-json\/wp\/v2\/posts"}],"about":[{"href":"https:\/\/periodicolarepublica.com\/index.php\/wp-json\/wp\/v2\/types\/post"}],"author":[{"embeddable":true,"href":"https:\/\/periodicolarepublica.com\/index.php\/wp-json\/wp\/v2\/users\/6"}],"replies":[{"embeddable":true,"href":"https:\/\/periodicolarepublica.com\/index.php\/wp-json\/wp\/v2\/comments?post=4044"}],"version-history":[{"count":1,"href":"https:\/\/periodicolarepublica.com\/index.php\/wp-json\/wp\/v2\/posts\/4044\/revisions"}],"predecessor-version":[{"id":4046,"href":"https:\/\/periodicolarepublica.com\/index.php\/wp-json\/wp\/v2\/posts\/4044\/revisions\/4046"}],"wp:featuredmedia":[{"embeddable":true,"href":"https:\/\/periodicolarepublica.com\/index.php\/wp-json\/wp\/v2\/media\/4045"}],"wp:attachment":[{"href":"https:\/\/periodicolarepublica.com\/index.php\/wp-json\/wp\/v2\/media?parent=4044"}],"wp:term":[{"taxonomy":"category","embeddable":true,"href":"https:\/\/periodicolarepublica.com\/index.php\/wp-json\/wp\/v2\/categories?post=4044"},{"taxonomy":"post_tag","embeddable":true,"href":"https:\/\/periodicolarepublica.com\/index.php\/wp-json\/wp\/v2\/tags?post=4044"}],"curies":[{"name":"wp","href":"https:\/\/api.w.org\/{rel}","templated":true}]}}