{"id":4047,"date":"2025-09-11T02:13:18","date_gmt":"2025-09-11T00:13:18","guid":{"rendered":"https:\/\/periodicolarepublica.com\/?p=4047"},"modified":"2025-09-11T02:13:18","modified_gmt":"2025-09-11T00:13:18","slug":"mas-de-270-atletas-brillan-en-el-tri-cap-cana-2025","status":"publish","type":"post","link":"https:\/\/periodicolarepublica.com\/index.php\/2025\/09\/11\/mas-de-270-atletas-brillan-en-el-tri-cap-cana-2025\/","title":{"rendered":"M\u00e1s de 270 atletas brillan en el Tri Cap Cana 2025"},"content":{"rendered":"<p style=\"text-align: left;\">Cap Cana, Rep\u00fablica Dominicana. \u2013 El Lago Azul de Cap Cana fue escenario de pura adrenalina y resistencia con la celebraci\u00f3n del Tri Cap Cana 2025, evento que reuni\u00f3 a m\u00e1s de 270 atletas de distintas edades en una jornada marcada por la competitividad, la disciplina y el esp\u00edritu deportivo.<\/p>\n<p style=\"text-align: left;\">La triatleta cubana, Leslie Amat \u00c1lvarez se alz\u00f3 con la victoria absoluta en la distancia ol\u00edmpica, registrando los mejores tiempos en nado, ciclismo y carrera a pie. Amat complet\u00f3 el recorrido en 2 horas, 8 minutos y 37 segundos (Swim 19:27, Bike 1:08:23, Run 39:00).<\/p>\n<p style=\"text-align: left;\">El segundo lugar fue para el joven de 19 a\u00f1os David Ballesta Garc\u00eda, con un tiempo de 2:10:52, mientras que el tercer puesto lo ocup\u00f3 Gabrielle Brisso, quien cerr\u00f3 con 2:11:43.<\/p>\n<p style=\"text-align: left;\">Con apenas 13 a\u00f1os, el dominicano oriundo de la provincia La Vega, Sa\u00fal Moronta sorprendi\u00f3 al p\u00fablico al dominar la distancia sprint, con un registro total de 1 hora, 13 minutos y 10 segundos (Swim 10:42, Bike 37:12, Run 23:14).<\/p>\n<p style=\"text-align: left;\">El segundo lugar lo conquist\u00f3 Robert V\u00e1squez con 1:16:22, seguido de Alger Alejandro Santos L\u00f3pez, tercero con 1:18:18.<\/p>\n<p style=\"text-align: left;\">Las pruebas incluyeron las modalidades de triatl\u00f3n ol\u00edmpico, sprint, relevos, as\u00ed como carreras de 5K y 10K, todas disputadas en un ambiente vibrante que combin\u00f3 la belleza natural de Cap Cana con el reto f\u00edsico que exige este tipo de competencias.<\/p>\n<p style=\"text-align: left;\">La Marina de Cap Cana fue testigo de los cierres explosivos en las pruebas pedestres.<\/p>\n<p><img loading=\"lazy\" decoding=\"async\" class=\"alignnone size-medium wp-image-4048\" src=\"https:\/\/periodicolarepublica.com\/wp-content\/uploads\/2025\/09\/GANADORES-TRIATLON-SPRINT-e1757549534138-300x281.jpeg\" alt=\"\" width=\"300\" height=\"281\" srcset=\"https:\/\/periodicolarepublica.com\/wp-content\/uploads\/2025\/09\/GANADORES-TRIATLON-SPRINT-e1757549534138-300x281.jpeg 300w, https:\/\/periodicolarepublica.com\/wp-content\/uploads\/2025\/09\/GANADORES-TRIATLON-SPRINT-e1757549534138-150x141.jpeg 150w, https:\/\/periodicolarepublica.com\/wp-content\/uploads\/2025\/09\/GANADORES-TRIATLON-SPRINT-e1757549534138-600x563.jpeg 600w, https:\/\/periodicolarepublica.com\/wp-content\/uploads\/2025\/09\/GANADORES-TRIATLON-SPRINT-e1757549534138.jpeg 643w\" sizes=\"auto, (max-width: 300px) 100vw, 300px\" \/><\/p>\n","protected":false},"excerpt":{"rendered":"<p>Cap Cana, Rep\u00fablica Dominicana. \u2013 El Lago Azul de Cap Cana fue escenario de pura adrenalina y resistencia con la celebraci\u00f3n del Tri Cap Cana 2025, evento que reuni\u00f3 a m\u00e1s de 270 atletas de distintas edades en una jornada marcada por la competitividad, la disciplina y el esp\u00edritu deportivo. La triatleta cubana, Leslie Amat [&hellip;]<\/p>\n","protected":false},"author":1,"featured_media":4048,"comment_status":"open","ping_status":"open","sticky":false,"template":"","format":"standard","meta":{"om_disable_all_campaigns":false,"_monsterinsights_skip_tracking":false,"_monsterinsights_sitenote_active":false,"_monsterinsights_sitenote_note":"","_monsterinsights_sitenote_category":0,"footnotes":""},"categories":[1],"tags":[459,51,29],"class_list":{"0":"post-4047","1":"post","2":"type-post","3":"status-publish","4":"format-standard","5":"has-post-thumbnail","7":"category-nacionales","8":"tag-cap-cana","9":"tag-playa","10":"tag-punta-cana"},"aioseo_notices":[],"_links":{"self":[{"href":"https:\/\/periodicolarepublica.com\/index.php\/wp-json\/wp\/v2\/posts\/4047","targetHints":{"allow":["GET"]}}],"collection":[{"href":"https:\/\/periodicolarepublica.com\/index.php\/wp-json\/wp\/v2\/posts"}],"about":[{"href":"https:\/\/periodicolarepublica.com\/index.php\/wp-json\/wp\/v2\/types\/post"}],"author":[{"embeddable":true,"href":"https:\/\/periodicolarepublica.com\/index.php\/wp-json\/wp\/v2\/users\/1"}],"replies":[{"embeddable":true,"href":"https:\/\/periodicolarepublica.com\/index.php\/wp-json\/wp\/v2\/comments?post=4047"}],"version-history":[{"count":1,"href":"https:\/\/periodicolarepublica.com\/index.php\/wp-json\/wp\/v2\/posts\/4047\/revisions"}],"predecessor-version":[{"id":4049,"href":"https:\/\/periodicolarepublica.com\/index.php\/wp-json\/wp\/v2\/posts\/4047\/revisions\/4049"}],"wp:featuredmedia":[{"embeddable":true,"href":"https:\/\/periodicolarepublica.com\/index.php\/wp-json\/wp\/v2\/media\/4048"}],"wp:attachment":[{"href":"https:\/\/periodicolarepublica.com\/index.php\/wp-json\/wp\/v2\/media?parent=4047"}],"wp:term":[{"taxonomy":"category","embeddable":true,"href":"https:\/\/periodicolarepublica.com\/index.php\/wp-json\/wp\/v2\/categories?post=4047"},{"taxonomy":"post_tag","embeddable":true,"href":"https:\/\/periodicolarepublica.com\/index.php\/wp-json\/wp\/v2\/tags?post=4047"}],"curies":[{"name":"wp","href":"https:\/\/api.w.org\/{rel}","templated":true}]}}