{"id":4051,"date":"2025-09-12T12:42:19","date_gmt":"2025-09-12T10:42:19","guid":{"rendered":"https:\/\/periodicolarepublica.com\/?p=4051"},"modified":"2025-09-12T12:42:19","modified_gmt":"2025-09-12T10:42:19","slug":"dr-mario-lama-es-designado-asesor-medico-honorifico-juegos-centroamericanos-y-del-caribe-2026","status":"publish","type":"post","link":"https:\/\/periodicolarepublica.com\/index.php\/2025\/09\/12\/dr-mario-lama-es-designado-asesor-medico-honorifico-juegos-centroamericanos-y-del-caribe-2026\/","title":{"rendered":"Dr. Mario Lama es designado asesor m\u00e9dico honor\u00edfico Juegos Centroamericanos y del Caribe 2026"},"content":{"rendered":"<p>Santo Domingo. En el marco de los preparativos para los XXV Juegos Centroamericanos y del Caribe Santo Domingo 2026, el Servicio Nacional de Salud (SNS) anunci\u00f3 que su director ejecutivo, doctor Mario Lama, fungir\u00e1 como asesor m\u00e9dico honor\u00edfico del Comit\u00e9 Organizador del evento deportivo.<\/p>\n<p>De acuerdo con lo pactado en el convenio firmado entre el SNS y el Comit\u00e9 Organizador, el doctor Lama desempe\u00f1ar\u00e1 un papel clave en la supervisi\u00f3n y coordinaci\u00f3n de los servicios m\u00e9dicos hospitalarios que estar\u00e1n disponibles durante la celebraci\u00f3n de los juegos.<\/p>\n<figure id=\"attachment_2310\" aria-describedby=\"caption-attachment-2310\" style=\"width: 300px\" class=\"wp-caption alignnone\"><img loading=\"lazy\" decoding=\"async\" class=\"size-medium wp-image-2310\" src=\"https:\/\/periodicolarepublica.com\/wp-content\/uploads\/2024\/12\/WhatsApp-Image-2023-12-11-at-14.44.58-300x171.png\" alt=\"\" width=\"300\" height=\"171\" srcset=\"https:\/\/periodicolarepublica.com\/wp-content\/uploads\/2024\/12\/WhatsApp-Image-2023-12-11-at-14.44.58-300x171.png?v=1733582437 300w, https:\/\/periodicolarepublica.com\/wp-content\/uploads\/2024\/12\/WhatsApp-Image-2023-12-11-at-14.44.58-768x438.png?v=1733582437 768w, https:\/\/periodicolarepublica.com\/wp-content\/uploads\/2024\/12\/WhatsApp-Image-2023-12-11-at-14.44.58-150x85.png?v=1733582437 150w, https:\/\/periodicolarepublica.com\/wp-content\/uploads\/2024\/12\/WhatsApp-Image-2023-12-11-at-14.44.58-600x342.png?v=1733582437 600w, https:\/\/periodicolarepublica.com\/wp-content\/uploads\/2024\/12\/WhatsApp-Image-2023-12-11-at-14.44.58-696x397.png?v=1733582437 696w, https:\/\/periodicolarepublica.com\/wp-content\/uploads\/2024\/12\/WhatsApp-Image-2023-12-11-at-14.44.58.png?v=1733582437 993w\" sizes=\"auto, (max-width: 300px) 100vw, 300px\" \/><figcaption id=\"caption-attachment-2310\" class=\"wp-caption-text\">Dr. Mario Lama<\/figcaption><\/figure>\n","protected":false},"excerpt":{"rendered":"<p>Santo Domingo. En el marco de los preparativos para los XXV Juegos Centroamericanos y del Caribe Santo Domingo 2026, el Servicio Nacional de Salud (SNS) anunci\u00f3 que su director ejecutivo, doctor Mario Lama, fungir\u00e1 como asesor m\u00e9dico honor\u00edfico del Comit\u00e9 Organizador del evento deportivo. De acuerdo con lo pactado en el convenio firmado entre el [&hellip;]<\/p>\n","protected":false},"author":6,"featured_media":2310,"comment_status":"open","ping_status":"open","sticky":false,"template":"","format":"standard","meta":{"om_disable_all_campaigns":false,"_monsterinsights_skip_tracking":false,"_monsterinsights_sitenote_active":false,"_monsterinsights_sitenote_note":"","_monsterinsights_sitenote_category":0,"footnotes":""},"categories":[1],"tags":[338],"class_list":{"0":"post-4051","1":"post","2":"type-post","3":"status-publish","4":"format-standard","5":"has-post-thumbnail","7":"category-nacionales","8":"tag-mario-lama"},"aioseo_notices":[],"_links":{"self":[{"href":"https:\/\/periodicolarepublica.com\/index.php\/wp-json\/wp\/v2\/posts\/4051","targetHints":{"allow":["GET"]}}],"collection":[{"href":"https:\/\/periodicolarepublica.com\/index.php\/wp-json\/wp\/v2\/posts"}],"about":[{"href":"https:\/\/periodicolarepublica.com\/index.php\/wp-json\/wp\/v2\/types\/post"}],"author":[{"embeddable":true,"href":"https:\/\/periodicolarepublica.com\/index.php\/wp-json\/wp\/v2\/users\/6"}],"replies":[{"embeddable":true,"href":"https:\/\/periodicolarepublica.com\/index.php\/wp-json\/wp\/v2\/comments?post=4051"}],"version-history":[{"count":1,"href":"https:\/\/periodicolarepublica.com\/index.php\/wp-json\/wp\/v2\/posts\/4051\/revisions"}],"predecessor-version":[{"id":4052,"href":"https:\/\/periodicolarepublica.com\/index.php\/wp-json\/wp\/v2\/posts\/4051\/revisions\/4052"}],"wp:featuredmedia":[{"embeddable":true,"href":"https:\/\/periodicolarepublica.com\/index.php\/wp-json\/wp\/v2\/media\/2310"}],"wp:attachment":[{"href":"https:\/\/periodicolarepublica.com\/index.php\/wp-json\/wp\/v2\/media?parent=4051"}],"wp:term":[{"taxonomy":"category","embeddable":true,"href":"https:\/\/periodicolarepublica.com\/index.php\/wp-json\/wp\/v2\/categories?post=4051"},{"taxonomy":"post_tag","embeddable":true,"href":"https:\/\/periodicolarepublica.com\/index.php\/wp-json\/wp\/v2\/tags?post=4051"}],"curies":[{"name":"wp","href":"https:\/\/api.w.org\/{rel}","templated":true}]}}