{"id":4053,"date":"2025-09-12T12:47:33","date_gmt":"2025-09-12T10:47:33","guid":{"rendered":"https:\/\/periodicolarepublica.com\/?p=4053"},"modified":"2025-09-12T12:47:33","modified_gmt":"2025-09-12T10:47:33","slug":"adompretur-destaca-impacto-social-del-turismo-en-feria-de-asonahores","status":"publish","type":"post","link":"https:\/\/periodicolarepublica.com\/index.php\/2025\/09\/12\/adompretur-destaca-impacto-social-del-turismo-en-feria-de-asonahores\/","title":{"rendered":"Adompretur destaca impacto social del turismo en feria de Asonahores"},"content":{"rendered":"<p>Punta Cana, septiembre de 2025. \u2013 En la 37\u00aa Exposici\u00f3n Comercial de ASONAHORES, que se desarrolla en este destino tur\u00edstico, la presidenta de la Asociaci\u00f3n Dominicana de Prensa Tur\u00edstica (Adompretur), Sarah Hern\u00e1ndez, destac\u00f3 el papel del turismo como un verdadero motor de desarrollo econ\u00f3mico y transformaci\u00f3n social en Rep\u00fablica Dominicana.<\/p>\n<p>Desde el evento celebrado en Punta Cana, Hern\u00e1ndez subray\u00f3 que esta feria no es solo una vitrina comercial, sino un reflejo del pa\u00eds que se est\u00e1 construyendo con base en el trabajo colaborativo de m\u00faltiples sectores.<\/p>\n<blockquote><p><img loading=\"lazy\" decoding=\"async\" class=\"alignnone size-medium wp-image-4054\" src=\"https:\/\/periodicolarepublica.com\/wp-content\/uploads\/2025\/09\/Asociacion-Dominicana-de-Prensa-Turistica-ADOMPRETUR-logo-300x155.jpg\" alt=\"\" width=\"300\" height=\"155\" srcset=\"https:\/\/periodicolarepublica.com\/wp-content\/uploads\/2025\/09\/Asociacion-Dominicana-de-Prensa-Turistica-ADOMPRETUR-logo-300x155.jpg 300w, https:\/\/periodicolarepublica.com\/wp-content\/uploads\/2025\/09\/Asociacion-Dominicana-de-Prensa-Turistica-ADOMPRETUR-logo-150x77.jpg 150w, https:\/\/periodicolarepublica.com\/wp-content\/uploads\/2025\/09\/Asociacion-Dominicana-de-Prensa-Turistica-ADOMPRETUR-logo-436x227.jpg 436w, https:\/\/periodicolarepublica.com\/wp-content\/uploads\/2025\/09\/Asociacion-Dominicana-de-Prensa-Turistica-ADOMPRETUR-logo.jpg 440w\" sizes=\"auto, (max-width: 300px) 100vw, 300px\" \/><\/p><\/blockquote>\n","protected":false},"excerpt":{"rendered":"<p>Punta Cana, septiembre de 2025. \u2013 En la 37\u00aa Exposici\u00f3n Comercial de ASONAHORES, que se desarrolla en este destino tur\u00edstico, la presidenta de la Asociaci\u00f3n Dominicana de Prensa Tur\u00edstica (Adompretur), Sarah Hern\u00e1ndez, destac\u00f3 el papel del turismo como un verdadero motor de desarrollo econ\u00f3mico y transformaci\u00f3n social en Rep\u00fablica Dominicana. Desde el evento celebrado en [&hellip;]<\/p>\n","protected":false},"author":6,"featured_media":4054,"comment_status":"open","ping_status":"open","sticky":false,"template":"","format":"standard","meta":{"om_disable_all_campaigns":false,"_monsterinsights_skip_tracking":false,"_monsterinsights_sitenote_active":false,"_monsterinsights_sitenote_note":"","_monsterinsights_sitenote_category":0,"footnotes":""},"categories":[1,20],"tags":[460],"class_list":{"0":"post-4053","1":"post","2":"type-post","3":"status-publish","4":"format-standard","5":"has-post-thumbnail","7":"category-nacionales","8":"category-turismo","9":"tag-adompretur"},"aioseo_notices":[],"_links":{"self":[{"href":"https:\/\/periodicolarepublica.com\/index.php\/wp-json\/wp\/v2\/posts\/4053","targetHints":{"allow":["GET"]}}],"collection":[{"href":"https:\/\/periodicolarepublica.com\/index.php\/wp-json\/wp\/v2\/posts"}],"about":[{"href":"https:\/\/periodicolarepublica.com\/index.php\/wp-json\/wp\/v2\/types\/post"}],"author":[{"embeddable":true,"href":"https:\/\/periodicolarepublica.com\/index.php\/wp-json\/wp\/v2\/users\/6"}],"replies":[{"embeddable":true,"href":"https:\/\/periodicolarepublica.com\/index.php\/wp-json\/wp\/v2\/comments?post=4053"}],"version-history":[{"count":1,"href":"https:\/\/periodicolarepublica.com\/index.php\/wp-json\/wp\/v2\/posts\/4053\/revisions"}],"predecessor-version":[{"id":4055,"href":"https:\/\/periodicolarepublica.com\/index.php\/wp-json\/wp\/v2\/posts\/4053\/revisions\/4055"}],"wp:featuredmedia":[{"embeddable":true,"href":"https:\/\/periodicolarepublica.com\/index.php\/wp-json\/wp\/v2\/media\/4054"}],"wp:attachment":[{"href":"https:\/\/periodicolarepublica.com\/index.php\/wp-json\/wp\/v2\/media?parent=4053"}],"wp:term":[{"taxonomy":"category","embeddable":true,"href":"https:\/\/periodicolarepublica.com\/index.php\/wp-json\/wp\/v2\/categories?post=4053"},{"taxonomy":"post_tag","embeddable":true,"href":"https:\/\/periodicolarepublica.com\/index.php\/wp-json\/wp\/v2\/tags?post=4053"}],"curies":[{"name":"wp","href":"https:\/\/api.w.org\/{rel}","templated":true}]}}