{"id":4056,"date":"2025-09-11T12:47:48","date_gmt":"2025-09-11T10:47:48","guid":{"rendered":"https:\/\/periodicolarepublica.com\/?p=4056"},"modified":"2025-09-12T12:51:45","modified_gmt":"2025-09-12T10:51:45","slug":"gobierno-dominicano-realiza-primera-prueba-tecnica-del-sistema-nacional-de-alertas","status":"publish","type":"post","link":"https:\/\/periodicolarepublica.com\/index.php\/2025\/09\/11\/gobierno-dominicano-realiza-primera-prueba-tecnica-del-sistema-nacional-de-alertas\/","title":{"rendered":"Gobierno dominicano realiza primera prueba t\u00e9cnica del Sistema Nacional de Alertas"},"content":{"rendered":"<p>La iniciativa marca un hito en la modernizaci\u00f3n de los sistemas de prevenci\u00f3n y respuesta ante emergencias, y cuenta con el respaldo del INDOTEL, el Sistema 911 y otras instituciones del Estado.<\/p>\n<p>En un esfuerzo interinstitucional, la vicepresidenta de la Rep\u00fablica, Raquel Pe\u00f1a, junto al titular del Consejo Directivo del Instituto Dominicano de las Telecomunicaciones (INDOTEL), Guido G\u00f3mez Mazara, y el director ejecutivo del Sistema Nacional de Atenci\u00f3n a Emergencias y Seguridad 911, coronel Randolfo Rijo G\u00f3mez, ERD, encabezaron la primera prueba t\u00e9cnica del Sistema Nacional de Alertas, una herramienta que permitir\u00e1 emitir mensajes de emergencia de manera masiva, inmediata y geolocalizada a los tel\u00e9fonos m\u00f3viles de la poblaci\u00f3n para salvaguardar vidas humanas.<\/p>\n<p><img loading=\"lazy\" decoding=\"async\" class=\"alignnone size-medium wp-image-4057\" src=\"https:\/\/periodicolarepublica.com\/wp-content\/uploads\/2025\/09\/911-title-300x113.png\" alt=\"\" width=\"300\" height=\"113\" srcset=\"https:\/\/periodicolarepublica.com\/wp-content\/uploads\/2025\/09\/911-title-300x113.png 300w, https:\/\/periodicolarepublica.com\/wp-content\/uploads\/2025\/09\/911-title-768x289.png 768w, https:\/\/periodicolarepublica.com\/wp-content\/uploads\/2025\/09\/911-title-150x57.png 150w, https:\/\/periodicolarepublica.com\/wp-content\/uploads\/2025\/09\/911-title-600x226.png 600w, https:\/\/periodicolarepublica.com\/wp-content\/uploads\/2025\/09\/911-title-696x262.png 696w, https:\/\/periodicolarepublica.com\/wp-content\/uploads\/2025\/09\/911-title.png 828w\" sizes=\"auto, (max-width: 300px) 100vw, 300px\" \/><\/p>\n","protected":false},"excerpt":{"rendered":"<p>La iniciativa marca un hito en la modernizaci\u00f3n de los sistemas de prevenci\u00f3n y respuesta ante emergencias, y cuenta con el respaldo del INDOTEL, el Sistema 911 y otras instituciones del Estado. En un esfuerzo interinstitucional, la vicepresidenta de la Rep\u00fablica, Raquel Pe\u00f1a, junto al titular del Consejo Directivo del Instituto Dominicano de las Telecomunicaciones [&hellip;]<\/p>\n","protected":false},"author":6,"featured_media":4057,"comment_status":"open","ping_status":"open","sticky":false,"template":"","format":"standard","meta":{"om_disable_all_campaigns":false,"_monsterinsights_skip_tracking":false,"_monsterinsights_sitenote_active":false,"_monsterinsights_sitenote_note":"","_monsterinsights_sitenote_category":0,"footnotes":""},"categories":[1],"tags":[461],"class_list":{"0":"post-4056","1":"post","2":"type-post","3":"status-publish","4":"format-standard","5":"has-post-thumbnail","7":"category-nacionales","8":"tag-461"},"aioseo_notices":[],"_links":{"self":[{"href":"https:\/\/periodicolarepublica.com\/index.php\/wp-json\/wp\/v2\/posts\/4056","targetHints":{"allow":["GET"]}}],"collection":[{"href":"https:\/\/periodicolarepublica.com\/index.php\/wp-json\/wp\/v2\/posts"}],"about":[{"href":"https:\/\/periodicolarepublica.com\/index.php\/wp-json\/wp\/v2\/types\/post"}],"author":[{"embeddable":true,"href":"https:\/\/periodicolarepublica.com\/index.php\/wp-json\/wp\/v2\/users\/6"}],"replies":[{"embeddable":true,"href":"https:\/\/periodicolarepublica.com\/index.php\/wp-json\/wp\/v2\/comments?post=4056"}],"version-history":[{"count":1,"href":"https:\/\/periodicolarepublica.com\/index.php\/wp-json\/wp\/v2\/posts\/4056\/revisions"}],"predecessor-version":[{"id":4058,"href":"https:\/\/periodicolarepublica.com\/index.php\/wp-json\/wp\/v2\/posts\/4056\/revisions\/4058"}],"wp:featuredmedia":[{"embeddable":true,"href":"https:\/\/periodicolarepublica.com\/index.php\/wp-json\/wp\/v2\/media\/4057"}],"wp:attachment":[{"href":"https:\/\/periodicolarepublica.com\/index.php\/wp-json\/wp\/v2\/media?parent=4056"}],"wp:term":[{"taxonomy":"category","embeddable":true,"href":"https:\/\/periodicolarepublica.com\/index.php\/wp-json\/wp\/v2\/categories?post=4056"},{"taxonomy":"post_tag","embeddable":true,"href":"https:\/\/periodicolarepublica.com\/index.php\/wp-json\/wp\/v2\/tags?post=4056"}],"curies":[{"name":"wp","href":"https:\/\/api.w.org\/{rel}","templated":true}]}}