{"id":4059,"date":"2025-09-12T12:55:26","date_gmt":"2025-09-12T10:55:26","guid":{"rendered":"https:\/\/periodicolarepublica.com\/?p=4059"},"modified":"2025-09-12T12:55:26","modified_gmt":"2025-09-12T10:55:26","slug":"cef-santo-domingo-gradua-a-30-de-la-superintendencia-de-bancos-en-programa-especializado","status":"publish","type":"post","link":"https:\/\/periodicolarepublica.com\/index.php\/2025\/09\/12\/cef-santo-domingo-gradua-a-30-de-la-superintendencia-de-bancos-en-programa-especializado\/","title":{"rendered":"CEF Santo Domingo grad\u00faa a 30 de la Superintendencia de Bancos en programa especializado"},"content":{"rendered":"<p>La graduaci\u00f3n de 30 colaboradores de la Superintendencia de Bancos de la Rep\u00fablica Dominicana (SB) en el marco del programa \u201cCapacitaci\u00f3n T\u00e9cnica para el Programa J\u00f3venes Profesionales\u201d, dise\u00f1ado a la medida para responder a los retos espec\u00edficos de la instituci\u00f3n y fortalecer el desarrollo de este grupo de participantes.<\/p>\n<p><img loading=\"lazy\" decoding=\"async\" class=\"alignnone size-medium wp-image-4060\" src=\"https:\/\/periodicolarepublica.com\/wp-content\/uploads\/2025\/09\/images-4-300x158.jpeg\" alt=\"\" width=\"300\" height=\"158\" srcset=\"https:\/\/periodicolarepublica.com\/wp-content\/uploads\/2025\/09\/images-4-300x158.jpeg 300w, https:\/\/periodicolarepublica.com\/wp-content\/uploads\/2025\/09\/images-4-150x79.jpeg 150w, https:\/\/periodicolarepublica.com\/wp-content\/uploads\/2025\/09\/images-4-600x315.jpeg 600w, https:\/\/periodicolarepublica.com\/wp-content\/uploads\/2025\/09\/images-4.jpeg 617w\" sizes=\"auto, (max-width: 300px) 100vw, 300px\" \/><\/p>\n<p>&nbsp;<\/p>\n","protected":false},"excerpt":{"rendered":"<p>La graduaci\u00f3n de 30 colaboradores de la Superintendencia de Bancos de la Rep\u00fablica Dominicana (SB) en el marco del programa \u201cCapacitaci\u00f3n T\u00e9cnica para el Programa J\u00f3venes Profesionales\u201d, dise\u00f1ado a la medida para responder a los retos espec\u00edficos de la instituci\u00f3n y fortalecer el desarrollo de este grupo de participantes. &nbsp;<\/p>\n","protected":false},"author":6,"featured_media":4060,"comment_status":"open","ping_status":"open","sticky":false,"template":"","format":"standard","meta":{"om_disable_all_campaigns":false,"_monsterinsights_skip_tracking":false,"_monsterinsights_sitenote_active":false,"_monsterinsights_sitenote_note":"","_monsterinsights_sitenote_category":0,"footnotes":""},"categories":[1],"tags":[454],"class_list":{"0":"post-4059","1":"post","2":"type-post","3":"status-publish","4":"format-standard","5":"has-post-thumbnail","7":"category-nacionales","8":"tag-cef"},"aioseo_notices":[],"_links":{"self":[{"href":"https:\/\/periodicolarepublica.com\/index.php\/wp-json\/wp\/v2\/posts\/4059","targetHints":{"allow":["GET"]}}],"collection":[{"href":"https:\/\/periodicolarepublica.com\/index.php\/wp-json\/wp\/v2\/posts"}],"about":[{"href":"https:\/\/periodicolarepublica.com\/index.php\/wp-json\/wp\/v2\/types\/post"}],"author":[{"embeddable":true,"href":"https:\/\/periodicolarepublica.com\/index.php\/wp-json\/wp\/v2\/users\/6"}],"replies":[{"embeddable":true,"href":"https:\/\/periodicolarepublica.com\/index.php\/wp-json\/wp\/v2\/comments?post=4059"}],"version-history":[{"count":1,"href":"https:\/\/periodicolarepublica.com\/index.php\/wp-json\/wp\/v2\/posts\/4059\/revisions"}],"predecessor-version":[{"id":4061,"href":"https:\/\/periodicolarepublica.com\/index.php\/wp-json\/wp\/v2\/posts\/4059\/revisions\/4061"}],"wp:featuredmedia":[{"embeddable":true,"href":"https:\/\/periodicolarepublica.com\/index.php\/wp-json\/wp\/v2\/media\/4060"}],"wp:attachment":[{"href":"https:\/\/periodicolarepublica.com\/index.php\/wp-json\/wp\/v2\/media?parent=4059"}],"wp:term":[{"taxonomy":"category","embeddable":true,"href":"https:\/\/periodicolarepublica.com\/index.php\/wp-json\/wp\/v2\/categories?post=4059"},{"taxonomy":"post_tag","embeddable":true,"href":"https:\/\/periodicolarepublica.com\/index.php\/wp-json\/wp\/v2\/tags?post=4059"}],"curies":[{"name":"wp","href":"https:\/\/api.w.org\/{rel}","templated":true}]}}