{"id":4068,"date":"2025-09-12T13:08:55","date_gmt":"2025-09-12T11:08:55","guid":{"rendered":"https:\/\/periodicolarepublica.com\/?p=4068"},"modified":"2025-09-12T13:08:55","modified_gmt":"2025-09-12T11:08:55","slug":"raquel-pena-recibe-a-estudiantes-de-diplomacia-en-palacio-nacional-y-resalta-la-educacion-como-motor-de-desarrollo","status":"publish","type":"post","link":"https:\/\/periodicolarepublica.com\/index.php\/2025\/09\/12\/raquel-pena-recibe-a-estudiantes-de-diplomacia-en-palacio-nacional-y-resalta-la-educacion-como-motor-de-desarrollo\/","title":{"rendered":"Raquel Pe\u00f1a recibe a estudiantes de diplomacia en Palacio Nacional y resalta la educaci\u00f3n como motor de desarrollo"},"content":{"rendered":"<p>La vicepresidenta comparti\u00f3 con m\u00e1s de 20 estudiantes del Diplomado en Geopol\u00edtica y Diplomacia, en una jornada de aprendizaje y acercamiento institucional.<\/p>\n<p>Santo Domingo, RD._ M\u00e1s de 20 estudiantes del Diplomado en Geopol\u00edtica, Diplomacia y Gestiones Consulares visitaron este jueves el Palacio Nacional, donde participaron en un encuentro encabezado por la vicepresidenta de la Rep\u00fablica, Raquel Pe\u00f1a, y compartieron experiencias sobre el \u00e1rea.<\/p>\n<p>&nbsp;<\/p>\n<p>La vicemandataria expres\u00f3 la importancia de este tipo de acercamientos, y record\u00f3 la disposici\u00f3n del Gobierno, y espec\u00edficamente de la Vicepresidencia, de aportar a estos encuentros.<\/p>\n<p>&nbsp;<\/p>\n<p>\u201cLa educaci\u00f3n es desarrollo, y encuentros como este nos recuerdan que el conocimiento es la herramienta m\u00e1s poderosa para construir futuro\u201d, afirm\u00f3 Pe\u00f1a, quien tambi\u00e9n imparte docencia en la PUCMM.<\/p>\n<p>&nbsp;<\/p>\n<p>Por su parte el ministro de la Presidencia, Jos\u00e9 Ignacio Paliza, resalt\u00f3 la importancia de seguir capacit\u00e1ndose, por lo que felicit\u00f3 a los participantes y aplaudi\u00f3 el deseo de aprendizaje.<\/p>\n<p>\u201cNo importa la edad, el profesional debe seguir capacit\u00e1ndose, as\u00ed como ustedes lo hacen\u201d, dijo Paliza.<\/p>\n<p>&nbsp;<\/p>\n<p>El Diplomado de Geopol\u00edtica, Diplomacia y Gestiones Consulares, es impartido por el Centro de Educaci\u00f3n Integral del Exterior (Cesudex) y la Pontificia Universidad Cat\u00f3lica Madre y Maestra.<\/p>\n<p>&nbsp;<\/p>\n<p>Antes de iniciar el conversatorio los participantes realizaron una visita guiada que les permiti\u00f3 conocer la estructura del Palacio Nacional.<\/p>\n<p>&nbsp;<\/p>\n<p>Este programa se viene impartiendo con el objetivo de enriquecer los conocimientos de la pol\u00edtica internacional y comercio internacional.<\/p>\n<p><img loading=\"lazy\" decoding=\"async\" class=\"alignnone size-medium wp-image-4069\" src=\"https:\/\/periodicolarepublica.com\/wp-content\/uploads\/2025\/09\/IMG-20250912-WA0001-e1757675294922-300x248.jpg\" alt=\"\" width=\"300\" height=\"248\" srcset=\"https:\/\/periodicolarepublica.com\/wp-content\/uploads\/2025\/09\/IMG-20250912-WA0001-e1757675294922-300x248.jpg 300w, https:\/\/periodicolarepublica.com\/wp-content\/uploads\/2025\/09\/IMG-20250912-WA0001-e1757675294922-150x124.jpg 150w, https:\/\/periodicolarepublica.com\/wp-content\/uploads\/2025\/09\/IMG-20250912-WA0001-e1757675294922.jpg 544w\" sizes=\"auto, (max-width: 300px) 100vw, 300px\" \/><\/p>\n","protected":false},"excerpt":{"rendered":"<p>La vicepresidenta comparti\u00f3 con m\u00e1s de 20 estudiantes del Diplomado en Geopol\u00edtica y Diplomacia, en una jornada de aprendizaje y acercamiento institucional. Santo Domingo, RD._ M\u00e1s de 20 estudiantes del Diplomado en Geopol\u00edtica, Diplomacia y Gestiones Consulares visitaron este jueves el Palacio Nacional, donde participaron en un encuentro encabezado por la vicepresidenta de la Rep\u00fablica, [&hellip;]<\/p>\n","protected":false},"author":6,"featured_media":4069,"comment_status":"open","ping_status":"open","sticky":false,"template":"","format":"standard","meta":{"om_disable_all_campaigns":false,"_monsterinsights_skip_tracking":false,"_monsterinsights_sitenote_active":false,"_monsterinsights_sitenote_note":"","_monsterinsights_sitenote_category":0,"footnotes":""},"categories":[1],"tags":[144],"class_list":{"0":"post-4068","1":"post","2":"type-post","3":"status-publish","4":"format-standard","5":"has-post-thumbnail","7":"category-nacionales","8":"tag-raquel-pena"},"aioseo_notices":[],"_links":{"self":[{"href":"https:\/\/periodicolarepublica.com\/index.php\/wp-json\/wp\/v2\/posts\/4068","targetHints":{"allow":["GET"]}}],"collection":[{"href":"https:\/\/periodicolarepublica.com\/index.php\/wp-json\/wp\/v2\/posts"}],"about":[{"href":"https:\/\/periodicolarepublica.com\/index.php\/wp-json\/wp\/v2\/types\/post"}],"author":[{"embeddable":true,"href":"https:\/\/periodicolarepublica.com\/index.php\/wp-json\/wp\/v2\/users\/6"}],"replies":[{"embeddable":true,"href":"https:\/\/periodicolarepublica.com\/index.php\/wp-json\/wp\/v2\/comments?post=4068"}],"version-history":[{"count":1,"href":"https:\/\/periodicolarepublica.com\/index.php\/wp-json\/wp\/v2\/posts\/4068\/revisions"}],"predecessor-version":[{"id":4070,"href":"https:\/\/periodicolarepublica.com\/index.php\/wp-json\/wp\/v2\/posts\/4068\/revisions\/4070"}],"wp:featuredmedia":[{"embeddable":true,"href":"https:\/\/periodicolarepublica.com\/index.php\/wp-json\/wp\/v2\/media\/4069"}],"wp:attachment":[{"href":"https:\/\/periodicolarepublica.com\/index.php\/wp-json\/wp\/v2\/media?parent=4068"}],"wp:term":[{"taxonomy":"category","embeddable":true,"href":"https:\/\/periodicolarepublica.com\/index.php\/wp-json\/wp\/v2\/categories?post=4068"},{"taxonomy":"post_tag","embeddable":true,"href":"https:\/\/periodicolarepublica.com\/index.php\/wp-json\/wp\/v2\/tags?post=4068"}],"curies":[{"name":"wp","href":"https:\/\/api.w.org\/{rel}","templated":true}]}}