{"id":4073,"date":"2025-09-13T14:24:03","date_gmt":"2025-09-13T18:24:03","guid":{"rendered":"https:\/\/periodicolarepublica.com\/?p=4073"},"modified":"2025-09-13T14:24:03","modified_gmt":"2025-09-13T18:24:03","slug":"anuncian-tercera-ruta-ciclistica-por-los-humedales-de-guerra-2025","status":"publish","type":"post","link":"https:\/\/periodicolarepublica.com\/index.php\/2025\/09\/13\/anuncian-tercera-ruta-ciclistica-por-los-humedales-de-guerra-2025\/","title":{"rendered":"Anuncian tercera \u201cRuta Cicl\u00edstica por los Humedales de Guerra 2025\u201d"},"content":{"rendered":"<p>El evento promueve el deporte, la salud y la sostenibilidad del ecoturismo y el medio ambiente en la RD_<\/p>\n<p>*San Antonio de Guerra, Santo Domingo*. \u2013 Con el lema \u201cSalvemos el Brujuela\u201d, fue anunciada la tercera versi\u00f3n de la Ruta Cicl\u00edstica por los Humedales de Guerra, a celebrarse el pr\u00f3ximo 12 de octubre de 2025, con la participaci\u00f3n estimada de m\u00e1s de mil ciclistas de todo el pa\u00eds.<\/p>\n<p>&nbsp;<\/p>\n<p>En anuncio fue realizado por Carlos S\u00e1nchez Solim\u00e1n, coordinador y vocero de la jornada, asegurando que el \u00e9xito depender\u00e1 de la participaci\u00f3n social y del compromiso con la preservaci\u00f3n de los Humedades.<\/p>\n<p>&nbsp;<\/p>\n<p>S\u00e1nchez record\u00f3 que el evento es una acci\u00f3n autogestionaria dirigida por los actores organizados de la sociedad.<\/p>\n<p>&nbsp;<\/p>\n<p>El evento, que se organiza de manera ininterrumpida desde 2023 por la Mesa del Agua, la Alcald\u00eda de Guerra y sectores empresariales, comunitarios y ambientales, busca sensibilizar sobre la importancia de conservar los humedales y recursos h\u00eddricos de la zona, adem\u00e1s de promover el deporte, la salud y el ecoturismo sostenible.<\/p>\n<p>&nbsp;<\/p>\n<p>El recorrido tendr\u00e1 unos 50 kil\u00f3metros, atravesando humedales, bosques tropicales, monta\u00f1as y r\u00edos. Partir\u00e1 del complejo eco tur\u00edstico Palmar del Lago y concluir\u00e1 en el parque central de Guerra. Los ciclistas que completen la ruta recibir\u00e1n medallas, camisetas y participar\u00e1n en rifas de bicicletas y accesorios.<\/p>\n<p>&nbsp;<\/p>\n<p>La edici\u00f3n 2025 estar\u00e1 dedicada al profesor Ram\u00f3n De la Rosa, al municipio de Dajab\u00f3n y tendr\u00e1 a Chile como pa\u00eds invitado. Los organizadores destacaron que el \u00e9xito de la jornada depender\u00e1 de la participaci\u00f3n social y el compromiso colectivo con la preservaci\u00f3n del medio ambiente.<\/p>\n<p>&nbsp;<\/p>\n<p>El encuentro cont\u00f3 con la participaci\u00f3n de Maira Noem\u00ed Moreno vicealcaldesa del municipio; Mileudys Rosario, Reina de los Humedades; Adalgisa \u00a0Santana intendente del Municipio en representaci\u00f3n de la Gobernaci\u00f3n de la Provincia Santo Domingo; el tesorero municipal, Dennis Prenza; el empresario Manuel Reyes Garc\u00eda (Grupo Hermes); se\u00f1ora Julia Reynoso, coordinadora local de la 3era. Ruta.<\/p>\n<p>&nbsp;<\/p>\n<p>Adem\u00e1s, Marisol Guerrero de la Mesa del Agua; del empresario Armando Liria; el empresario Jos\u00e9 Contreras, del grupo Palmar del Lago; Cesar Castro, coordinador t\u00e9cnico de la tercera ruta cicl\u00edstica; Anny Eder Aquino en representaci\u00f3n del movimiento \u00a0cicl\u00edstico de la zona y de los ediles municipales Noel Soriano y \u00a0Maireni Castro.<\/p>\n<p><img loading=\"lazy\" decoding=\"async\" class=\"alignnone size-medium wp-image-4074\" src=\"https:\/\/periodicolarepublica.com\/wp-content\/uploads\/2025\/09\/IMG-20250913-WA0029-300x167.jpg\" alt=\"\" width=\"300\" height=\"167\" srcset=\"https:\/\/periodicolarepublica.com\/wp-content\/uploads\/2025\/09\/IMG-20250913-WA0029-300x167.jpg 300w, https:\/\/periodicolarepublica.com\/wp-content\/uploads\/2025\/09\/IMG-20250913-WA0029-768x426.jpg 768w, https:\/\/periodicolarepublica.com\/wp-content\/uploads\/2025\/09\/IMG-20250913-WA0029-150x83.jpg 150w, https:\/\/periodicolarepublica.com\/wp-content\/uploads\/2025\/09\/IMG-20250913-WA0029-600x333.jpg 600w, https:\/\/periodicolarepublica.com\/wp-content\/uploads\/2025\/09\/IMG-20250913-WA0029-696x386.jpg 696w, https:\/\/periodicolarepublica.com\/wp-content\/uploads\/2025\/09\/IMG-20250913-WA0029.jpg 800w\" sizes=\"auto, (max-width: 300px) 100vw, 300px\" \/><\/p>\n","protected":false},"excerpt":{"rendered":"<p>El evento promueve el deporte, la salud y la sostenibilidad del ecoturismo y el medio ambiente en la RD_ *San Antonio de Guerra, Santo Domingo*. \u2013 Con el lema \u201cSalvemos el Brujuela\u201d, fue anunciada la tercera versi\u00f3n de la Ruta Cicl\u00edstica por los Humedales de Guerra, a celebrarse el pr\u00f3ximo 12 de octubre de 2025, [&hellip;]<\/p>\n","protected":false},"author":6,"featured_media":4074,"comment_status":"open","ping_status":"open","sticky":false,"template":"","format":"standard","meta":{"om_disable_all_campaigns":false,"_monsterinsights_skip_tracking":false,"_monsterinsights_sitenote_active":false,"_monsterinsights_sitenote_note":"","_monsterinsights_sitenote_category":0,"footnotes":""},"categories":[1],"tags":[],"class_list":{"0":"post-4073","1":"post","2":"type-post","3":"status-publish","4":"format-standard","5":"has-post-thumbnail","7":"category-nacionales"},"aioseo_notices":[],"_links":{"self":[{"href":"https:\/\/periodicolarepublica.com\/index.php\/wp-json\/wp\/v2\/posts\/4073","targetHints":{"allow":["GET"]}}],"collection":[{"href":"https:\/\/periodicolarepublica.com\/index.php\/wp-json\/wp\/v2\/posts"}],"about":[{"href":"https:\/\/periodicolarepublica.com\/index.php\/wp-json\/wp\/v2\/types\/post"}],"author":[{"embeddable":true,"href":"https:\/\/periodicolarepublica.com\/index.php\/wp-json\/wp\/v2\/users\/6"}],"replies":[{"embeddable":true,"href":"https:\/\/periodicolarepublica.com\/index.php\/wp-json\/wp\/v2\/comments?post=4073"}],"version-history":[{"count":1,"href":"https:\/\/periodicolarepublica.com\/index.php\/wp-json\/wp\/v2\/posts\/4073\/revisions"}],"predecessor-version":[{"id":4075,"href":"https:\/\/periodicolarepublica.com\/index.php\/wp-json\/wp\/v2\/posts\/4073\/revisions\/4075"}],"wp:featuredmedia":[{"embeddable":true,"href":"https:\/\/periodicolarepublica.com\/index.php\/wp-json\/wp\/v2\/media\/4074"}],"wp:attachment":[{"href":"https:\/\/periodicolarepublica.com\/index.php\/wp-json\/wp\/v2\/media?parent=4073"}],"wp:term":[{"taxonomy":"category","embeddable":true,"href":"https:\/\/periodicolarepublica.com\/index.php\/wp-json\/wp\/v2\/categories?post=4073"},{"taxonomy":"post_tag","embeddable":true,"href":"https:\/\/periodicolarepublica.com\/index.php\/wp-json\/wp\/v2\/tags?post=4073"}],"curies":[{"name":"wp","href":"https:\/\/api.w.org\/{rel}","templated":true}]}}