{"id":4077,"date":"2025-09-13T14:30:01","date_gmt":"2025-09-13T18:30:01","guid":{"rendered":"https:\/\/periodicolarepublica.com\/?p=4077"},"modified":"2025-09-13T14:30:01","modified_gmt":"2025-09-13T18:30:01","slug":"roberto-angel-salcedo-inaugura-academia-de-la-musica-tipica-en-puerto-plata","status":"publish","type":"post","link":"https:\/\/periodicolarepublica.com\/index.php\/2025\/09\/13\/roberto-angel-salcedo-inaugura-academia-de-la-musica-tipica-en-puerto-plata\/","title":{"rendered":"Roberto \u00c1ngel Salcedo inaugura Academia de la M\u00fasica T\u00edpica en Puerto Plata"},"content":{"rendered":"<p>La nueva instituci\u00f3n funcionar\u00e1 en la Escuela de Bellas Artes de la provincia<\/p>\n<p>Puerto Plata.\u2013 El ministro de Cultura, Roberto \u00c1ngel Salcedo, encabez\u00f3 este s\u00e1bado la inauguraci\u00f3n de la Academia de la M\u00fasica T\u00edpica Rafelito Rom\u00e1n, un espacio creado para la ense\u00f1anza y preservaci\u00f3n del merengue t\u00edpico en la ciudad de Puerto Plata, considerada cuna de grandes exponentes de este g\u00e9nero musical.<\/p>\n<p>Durante la ceremonia tambi\u00e9n estuvo presente el viceministro de Creatividad y Formaci\u00f3n Art\u00edstica, Amaury S\u00e1nchez, junto a la directora general de Bellas Artes, Marinella Sallent, quienes resaltaron el valor cultural y educativo de esta iniciativa.<\/p>\n<p>La nueva instituci\u00f3n ofrecer\u00e1 formaci\u00f3n gratuita en los instrumentos esenciales del merengue t\u00edpico, adem\u00e1s de incluir en su programa acad\u00e9mico el estudio de la historia, cultura y tradici\u00f3n de este g\u00e9nero, con el prop\u00f3sito de reafirmar su car\u00e1cter como s\u00edmbolo de identidad nacional y patrimonio vivo del pueblo dominicano.<\/p>\n<p>El ministro Salcedo expres\u00f3 la importancia de esta apertura, destacando que la academia representa \u201cun paso firme hacia la preservaci\u00f3n de nuestras ra\u00edces musicales y un homenaje a la dominicanidad\u201d.<\/p>\n<p><img loading=\"lazy\" decoding=\"async\" class=\"alignnone size-medium wp-image-4078\" src=\"https:\/\/periodicolarepublica.com\/wp-content\/uploads\/2025\/09\/IMG-20250913-WA0037-scaled-e1757788171791-300x286.jpg\" alt=\"\" width=\"300\" height=\"286\" srcset=\"https:\/\/periodicolarepublica.com\/wp-content\/uploads\/2025\/09\/IMG-20250913-WA0037-scaled-e1757788171791-300x286.jpg 300w, https:\/\/periodicolarepublica.com\/wp-content\/uploads\/2025\/09\/IMG-20250913-WA0037-scaled-e1757788171791-150x143.jpg 150w, https:\/\/periodicolarepublica.com\/wp-content\/uploads\/2025\/09\/IMG-20250913-WA0037-scaled-e1757788171791-600x573.jpg 600w, https:\/\/periodicolarepublica.com\/wp-content\/uploads\/2025\/09\/IMG-20250913-WA0037-scaled-e1757788171791-696x665.jpg 696w, https:\/\/periodicolarepublica.com\/wp-content\/uploads\/2025\/09\/IMG-20250913-WA0037-scaled-e1757788171791.jpg 710w\" sizes=\"auto, (max-width: 300px) 100vw, 300px\" \/><\/p>\n","protected":false},"excerpt":{"rendered":"<p>La nueva instituci\u00f3n funcionar\u00e1 en la Escuela de Bellas Artes de la provincia Puerto Plata.\u2013 El ministro de Cultura, Roberto \u00c1ngel Salcedo, encabez\u00f3 este s\u00e1bado la inauguraci\u00f3n de la Academia de la M\u00fasica T\u00edpica Rafelito Rom\u00e1n, un espacio creado para la ense\u00f1anza y preservaci\u00f3n del merengue t\u00edpico en la ciudad de Puerto Plata, considerada cuna [&hellip;]<\/p>\n","protected":false},"author":6,"featured_media":4078,"comment_status":"open","ping_status":"open","sticky":false,"template":"","format":"standard","meta":{"om_disable_all_campaigns":false,"_monsterinsights_skip_tracking":false,"_monsterinsights_sitenote_active":false,"_monsterinsights_sitenote_note":"","_monsterinsights_sitenote_category":0,"footnotes":""},"categories":[1],"tags":[],"class_list":{"0":"post-4077","1":"post","2":"type-post","3":"status-publish","4":"format-standard","5":"has-post-thumbnail","7":"category-nacionales"},"aioseo_notices":[],"_links":{"self":[{"href":"https:\/\/periodicolarepublica.com\/index.php\/wp-json\/wp\/v2\/posts\/4077","targetHints":{"allow":["GET"]}}],"collection":[{"href":"https:\/\/periodicolarepublica.com\/index.php\/wp-json\/wp\/v2\/posts"}],"about":[{"href":"https:\/\/periodicolarepublica.com\/index.php\/wp-json\/wp\/v2\/types\/post"}],"author":[{"embeddable":true,"href":"https:\/\/periodicolarepublica.com\/index.php\/wp-json\/wp\/v2\/users\/6"}],"replies":[{"embeddable":true,"href":"https:\/\/periodicolarepublica.com\/index.php\/wp-json\/wp\/v2\/comments?post=4077"}],"version-history":[{"count":1,"href":"https:\/\/periodicolarepublica.com\/index.php\/wp-json\/wp\/v2\/posts\/4077\/revisions"}],"predecessor-version":[{"id":4079,"href":"https:\/\/periodicolarepublica.com\/index.php\/wp-json\/wp\/v2\/posts\/4077\/revisions\/4079"}],"wp:featuredmedia":[{"embeddable":true,"href":"https:\/\/periodicolarepublica.com\/index.php\/wp-json\/wp\/v2\/media\/4078"}],"wp:attachment":[{"href":"https:\/\/periodicolarepublica.com\/index.php\/wp-json\/wp\/v2\/media?parent=4077"}],"wp:term":[{"taxonomy":"category","embeddable":true,"href":"https:\/\/periodicolarepublica.com\/index.php\/wp-json\/wp\/v2\/categories?post=4077"},{"taxonomy":"post_tag","embeddable":true,"href":"https:\/\/periodicolarepublica.com\/index.php\/wp-json\/wp\/v2\/tags?post=4077"}],"curies":[{"name":"wp","href":"https:\/\/api.w.org\/{rel}","templated":true}]}}