{"id":408,"date":"2024-02-19T14:26:14","date_gmt":"2024-02-19T13:26:14","guid":{"rendered":"https:\/\/periodicolarepublica.com\/?p=408"},"modified":"2024-02-19T14:26:14","modified_gmt":"2024-02-19T13:26:14","slug":"tomas-hernandez-de-poder-pal-pueblo-felicita-al-prm-por-resultados-electorales","status":"publish","type":"post","link":"https:\/\/periodicolarepublica.com\/index.php\/2024\/02\/19\/tomas-hernandez-de-poder-pal-pueblo-felicita-al-prm-por-resultados-electorales\/","title":{"rendered":"Tom\u00e1s Hern\u00e1ndez de Poder Pal Pueblo felicita al PRM por resultados electorales\u00a0"},"content":{"rendered":"<p><img loading=\"lazy\" decoding=\"async\" class=\"alignnone size-medium wp-image-409\" src=\"https:\/\/periodicolarepublica.com\/wp-content\/uploads\/2024\/02\/Picsart_24-02-19_09-17-20-730-300x113.jpg\" alt=\"\" width=\"300\" height=\"113\" srcset=\"https:\/\/periodicolarepublica.com\/wp-content\/uploads\/2024\/02\/Picsart_24-02-19_09-17-20-730-300x113.jpg?v=1715379816 300w, https:\/\/periodicolarepublica.com\/wp-content\/uploads\/2024\/02\/Picsart_24-02-19_09-17-20-730-1024x387.jpg?v=1715379816 1024w, https:\/\/periodicolarepublica.com\/wp-content\/uploads\/2024\/02\/Picsart_24-02-19_09-17-20-730-768x290.jpg?v=1715379816 768w, https:\/\/periodicolarepublica.com\/wp-content\/uploads\/2024\/02\/Picsart_24-02-19_09-17-20-730-1536x580.jpg?v=1715379816 1536w, https:\/\/periodicolarepublica.com\/wp-content\/uploads\/2024\/02\/Picsart_24-02-19_09-17-20-730-2048x774.jpg?v=1715379816 2048w, https:\/\/periodicolarepublica.com\/wp-content\/uploads\/2024\/02\/Picsart_24-02-19_09-17-20-730-150x57.jpg?v=1715379816 150w, https:\/\/periodicolarepublica.com\/wp-content\/uploads\/2024\/02\/Picsart_24-02-19_09-17-20-730-600x227.jpg?v=1715379816 600w, https:\/\/periodicolarepublica.com\/wp-content\/uploads\/2024\/02\/Picsart_24-02-19_09-17-20-730-696x263.jpg?v=1715379816 696w, https:\/\/periodicolarepublica.com\/wp-content\/uploads\/2024\/02\/Picsart_24-02-19_09-17-20-730-1392x526.jpg?v=1715379816 1392w, https:\/\/periodicolarepublica.com\/wp-content\/uploads\/2024\/02\/Picsart_24-02-19_09-17-20-730-1068x404.jpg?v=1715379816 1068w, https:\/\/periodicolarepublica.com\/wp-content\/uploads\/2024\/02\/Picsart_24-02-19_09-17-20-730-1920x726.jpg?v=1715379816 1920w\" sizes=\"auto, (max-width: 300px) 100vw, 300px\" \/><\/p>\n<p>El ingeniero Tom\u00e1s Hern\u00e1ndez Alberto, reconocido l\u00edder y presidente del Movimiento Poder PA&#8217;L Pueblo, emiti\u00f3 un comunicado hoy para felicitar al Partido Revolucionario Moderno (PRM) y sus aliados, as\u00ed como a todo el pueblo dominicano, por el logro hist\u00f3rico de te\u00f1ir el pa\u00eds de azul en las recientes elecciones Municipales.<\/p>\n<p>\u00abQuiero expresar mi m\u00e1s sincera felicitaci\u00f3n al PRM y a todos los aliados que han trabajado incansablemente para lograr esta victoria. El color azul ha inundado nuestras calles y plazas, simbolizando la esperanza y el compromiso de construir un futuro mejor para la Rep\u00fablica Dominicana\u00bb, afirm\u00f3 el ingeniero Hern\u00e1ndez Alberto.<\/p>\n<p>Adem\u00e1s, el presidente del Movimiento Poder PA&#8217;L Pueblo extendi\u00f3 sus felicitaciones al pueblo dominicano, reconociendo su participaci\u00f3n activa en el proceso electoral y su decisi\u00f3n de respaldar el cambio propuesto por el PRM y sus aliados.<\/p>\n","protected":false},"excerpt":{"rendered":"<p>El ingeniero Tom\u00e1s Hern\u00e1ndez Alberto, reconocido l\u00edder y presidente del Movimiento Poder PA&#8217;L Pueblo, emiti\u00f3 un comunicado hoy para felicitar al Partido Revolucionario Moderno (PRM) y sus aliados, as\u00ed como a todo el pueblo dominicano, por el logro hist\u00f3rico de te\u00f1ir el pa\u00eds de azul en las recientes elecciones Municipales. \u00abQuiero expresar mi m\u00e1s sincera [&hellip;]<\/p>\n","protected":false},"author":1,"featured_media":409,"comment_status":"open","ping_status":"open","sticky":false,"template":"","format":"standard","meta":{"om_disable_all_campaigns":false,"_monsterinsights_skip_tracking":false,"_monsterinsights_sitenote_active":false,"_monsterinsights_sitenote_note":"","_monsterinsights_sitenote_category":0,"footnotes":""},"categories":[127],"tags":[92],"class_list":{"0":"post-408","1":"post","2":"type-post","3":"status-publish","4":"format-standard","5":"has-post-thumbnail","7":"category-politica","8":"tag-prm"},"aioseo_notices":[],"_links":{"self":[{"href":"https:\/\/periodicolarepublica.com\/index.php\/wp-json\/wp\/v2\/posts\/408","targetHints":{"allow":["GET"]}}],"collection":[{"href":"https:\/\/periodicolarepublica.com\/index.php\/wp-json\/wp\/v2\/posts"}],"about":[{"href":"https:\/\/periodicolarepublica.com\/index.php\/wp-json\/wp\/v2\/types\/post"}],"author":[{"embeddable":true,"href":"https:\/\/periodicolarepublica.com\/index.php\/wp-json\/wp\/v2\/users\/1"}],"replies":[{"embeddable":true,"href":"https:\/\/periodicolarepublica.com\/index.php\/wp-json\/wp\/v2\/comments?post=408"}],"version-history":[{"count":1,"href":"https:\/\/periodicolarepublica.com\/index.php\/wp-json\/wp\/v2\/posts\/408\/revisions"}],"predecessor-version":[{"id":410,"href":"https:\/\/periodicolarepublica.com\/index.php\/wp-json\/wp\/v2\/posts\/408\/revisions\/410"}],"wp:featuredmedia":[{"embeddable":true,"href":"https:\/\/periodicolarepublica.com\/index.php\/wp-json\/wp\/v2\/media\/409"}],"wp:attachment":[{"href":"https:\/\/periodicolarepublica.com\/index.php\/wp-json\/wp\/v2\/media?parent=408"}],"wp:term":[{"taxonomy":"category","embeddable":true,"href":"https:\/\/periodicolarepublica.com\/index.php\/wp-json\/wp\/v2\/categories?post=408"},{"taxonomy":"post_tag","embeddable":true,"href":"https:\/\/periodicolarepublica.com\/index.php\/wp-json\/wp\/v2\/tags?post=408"}],"curies":[{"name":"wp","href":"https:\/\/api.w.org\/{rel}","templated":true}]}}