{"id":4080,"date":"2025-09-14T07:48:19","date_gmt":"2025-09-14T11:48:19","guid":{"rendered":"https:\/\/periodicolarepublica.com\/?p=4080"},"modified":"2025-09-14T07:48:19","modified_gmt":"2025-09-14T11:48:19","slug":"rdporloalto-llama-a-la-accion-ciudadana-frente-a-los-desafios-nacionales","status":"publish","type":"post","link":"https:\/\/periodicolarepublica.com\/index.php\/2025\/09\/14\/rdporloalto-llama-a-la-accion-ciudadana-frente-a-los-desafios-nacionales\/","title":{"rendered":"RDPorLoAlto llama a la acci\u00f3n ciudadana frente a los desaf\u00edos nacionales"},"content":{"rendered":"<p style=\"text-align: left;\">Santo Domingo. En un momento en que la sociedad dominicana se ve desenfocada por el entretenimiento y la distracci\u00f3n, la campa\u00f1a patri\u00f3tica RDPorLoAlto, encabezada por Hernani Aquino, hace un llamado urgente a cada ciudadano y ciudadana a rechazar la indiferencia y asumir un rol activo ante los retos estructurales que enfrenta la naci\u00f3n: corrupci\u00f3n, inseguridad, crisis ambiental y desigualdad social.<\/p>\n<p style=\"text-align: left;\">\n<p style=\"text-align: left;\">\u201cLa apat\u00eda es el mayor obst\u00e1culo para el progreso de nuestra Rep\u00fablica Dominicana. No podemos seguir cambiando de canal mientras se deterioran nuestros valores, se compromete nuestra soberan\u00eda y se desvanece la esperanza de justicia\u201d, afirm\u00f3 Hernani Aquino, de RDPorLoAlto. \u201cEs hora de despertar, informarnos y alzar la voz por lo que verdaderamente importa: nuestra patria, nuestras familias y nuestro futuro\u201d.<\/p>\n<p style=\"text-align: left;\">\n<p style=\"text-align: left;\">RDPorLoAlto denuncia que la indiferencia, ya sea inducida por la desinformaci\u00f3n o por el desinter\u00e9s, solo fortalece a quienes se benefician del caos y la debilidad institucional. La campa\u00f1a invita a los dominicanos a reenfocar su atenci\u00f3n en lo esencial, transformando la preocupaci\u00f3n en acci\u00f3n c\u00edvica y compromiso colectivo.<\/p>\n<p style=\"text-align: left;\">\n<p style=\"text-align: left;\">Bajo el liderazgo de Hernani Aquino, RDPorLoAlto promueve una sociedad cr\u00edtica, unida y comprometida con la construcci\u00f3n de un pa\u00eds m\u00e1s justo y soberano. \u201cNo permitamos que el ruido nos robe la Rep\u00fablica Dominicana. Recuper\u00e9mosla con conciencia, unidad y un amor profundo por nuestra naci\u00f3n\u201d, concluy\u00f3 Aquino.<\/p>\n<figure id=\"attachment_3537\" aria-describedby=\"caption-attachment-3537\" style=\"width: 300px\" class=\"wp-caption alignnone\"><img loading=\"lazy\" decoding=\"async\" class=\"wp-image-3537 size-medium\" src=\"https:\/\/periodicolarepublica.com\/wp-content\/uploads\/2025\/07\/IMG_20250702_091637-300x238.jpg\" alt=\"\" width=\"300\" height=\"238\" srcset=\"https:\/\/periodicolarepublica.com\/wp-content\/uploads\/2025\/07\/IMG_20250702_091637-300x238.jpg 300w, https:\/\/periodicolarepublica.com\/wp-content\/uploads\/2025\/07\/IMG_20250702_091637-150x119.jpg 150w, https:\/\/periodicolarepublica.com\/wp-content\/uploads\/2025\/07\/IMG_20250702_091637-600x475.jpg 600w, https:\/\/periodicolarepublica.com\/wp-content\/uploads\/2025\/07\/IMG_20250702_091637.jpg 649w\" sizes=\"auto, (max-width: 300px) 100vw, 300px\" \/><figcaption id=\"caption-attachment-3537\" class=\"wp-caption-text\">Hernani, RDporloAlto<\/figcaption><\/figure>\n","protected":false},"excerpt":{"rendered":"<p>Santo Domingo. En un momento en que la sociedad dominicana se ve desenfocada por el entretenimiento y la distracci\u00f3n, la campa\u00f1a patri\u00f3tica RDPorLoAlto, encabezada por Hernani Aquino, hace un llamado urgente a cada ciudadano y ciudadana a rechazar la indiferencia y asumir un rol activo ante los retos estructurales que enfrenta la naci\u00f3n: corrupci\u00f3n, inseguridad, [&hellip;]<\/p>\n","protected":false},"author":6,"featured_media":3537,"comment_status":"open","ping_status":"open","sticky":false,"template":"","format":"standard","meta":{"om_disable_all_campaigns":false,"_monsterinsights_skip_tracking":false,"_monsterinsights_sitenote_active":false,"_monsterinsights_sitenote_note":"","_monsterinsights_sitenote_category":0,"footnotes":""},"categories":[1],"tags":[409],"class_list":{"0":"post-4080","1":"post","2":"type-post","3":"status-publish","4":"format-standard","5":"has-post-thumbnail","7":"category-nacionales","8":"tag-rdporloalto"},"aioseo_notices":[],"_links":{"self":[{"href":"https:\/\/periodicolarepublica.com\/index.php\/wp-json\/wp\/v2\/posts\/4080","targetHints":{"allow":["GET"]}}],"collection":[{"href":"https:\/\/periodicolarepublica.com\/index.php\/wp-json\/wp\/v2\/posts"}],"about":[{"href":"https:\/\/periodicolarepublica.com\/index.php\/wp-json\/wp\/v2\/types\/post"}],"author":[{"embeddable":true,"href":"https:\/\/periodicolarepublica.com\/index.php\/wp-json\/wp\/v2\/users\/6"}],"replies":[{"embeddable":true,"href":"https:\/\/periodicolarepublica.com\/index.php\/wp-json\/wp\/v2\/comments?post=4080"}],"version-history":[{"count":1,"href":"https:\/\/periodicolarepublica.com\/index.php\/wp-json\/wp\/v2\/posts\/4080\/revisions"}],"predecessor-version":[{"id":4081,"href":"https:\/\/periodicolarepublica.com\/index.php\/wp-json\/wp\/v2\/posts\/4080\/revisions\/4081"}],"wp:featuredmedia":[{"embeddable":true,"href":"https:\/\/periodicolarepublica.com\/index.php\/wp-json\/wp\/v2\/media\/3537"}],"wp:attachment":[{"href":"https:\/\/periodicolarepublica.com\/index.php\/wp-json\/wp\/v2\/media?parent=4080"}],"wp:term":[{"taxonomy":"category","embeddable":true,"href":"https:\/\/periodicolarepublica.com\/index.php\/wp-json\/wp\/v2\/categories?post=4080"},{"taxonomy":"post_tag","embeddable":true,"href":"https:\/\/periodicolarepublica.com\/index.php\/wp-json\/wp\/v2\/tags?post=4080"}],"curies":[{"name":"wp","href":"https:\/\/api.w.org\/{rel}","templated":true}]}}