{"id":4085,"date":"2025-09-14T08:27:54","date_gmt":"2025-09-14T12:27:54","guid":{"rendered":"https:\/\/periodicolarepublica.com\/?p=4085"},"modified":"2025-09-14T08:27:54","modified_gmt":"2025-09-14T12:27:54","slug":"david-collado-deja-iniciada-reconstruccion-plaza-de-vendedores-en-rio-san-juan","status":"publish","type":"post","link":"https:\/\/periodicolarepublica.com\/index.php\/2025\/09\/14\/david-collado-deja-iniciada-reconstruccion-plaza-de-vendedores-en-rio-san-juan\/","title":{"rendered":"David Collado deja iniciada reconstrucci\u00f3n plaza de vendedores en R\u00edo San Juan."},"content":{"rendered":"<p>&nbsp;<\/p>\n<p>La obra, que era reclamada por la comunidad, cambiar\u00e1 la vida a vendedores y visitantes en playa Mino<\/p>\n<p>R\u00edo San Juan, Mar\u00eda Trinidad S\u00e1nchez. &#8211; El ministro de Turismo, David Collado, dej\u00f3 iniciados este s\u00e1bado los trabajos de reconstrucci\u00f3n de la plaza de vendedores en playa Mino, con una inversi\u00f3n de RD$33,941,612.<\/p>\n<p>La obra, que comprende la intervenci\u00f3n de un \u00e1rea de m\u00e1s de 2,613 metros cuadrados, tendr\u00e1 un gran impacto econ\u00f3mico en toda la zona y se convierte en un valor agregado al turismo en este municipio<\/p>\n<p><img loading=\"lazy\" decoding=\"async\" class=\"alignnone size-medium wp-image-2856\" src=\"https:\/\/periodicolarepublica.com\/wp-content\/uploads\/2025\/03\/Ministerio-de-Turismo-Logo-300x200.jpg\" alt=\"\" width=\"300\" height=\"200\" srcset=\"https:\/\/periodicolarepublica.com\/wp-content\/uploads\/2025\/03\/Ministerio-de-Turismo-Logo-300x200.jpg?v=1742162092 300w, https:\/\/periodicolarepublica.com\/wp-content\/uploads\/2025\/03\/Ministerio-de-Turismo-Logo-150x100.jpg?v=1742162092 150w, https:\/\/periodicolarepublica.com\/wp-content\/uploads\/2025\/03\/Ministerio-de-Turismo-Logo.jpg?v=1742162092 400w\" sizes=\"auto, (max-width: 300px) 100vw, 300px\" \/><\/p>\n","protected":false},"excerpt":{"rendered":"<p>&nbsp; La obra, que era reclamada por la comunidad, cambiar\u00e1 la vida a vendedores y visitantes en playa Mino R\u00edo San Juan, Mar\u00eda Trinidad S\u00e1nchez. &#8211; El ministro de Turismo, David Collado, dej\u00f3 iniciados este s\u00e1bado los trabajos de reconstrucci\u00f3n de la plaza de vendedores en playa Mino, con una inversi\u00f3n de RD$33,941,612. La obra, [&hellip;]<\/p>\n","protected":false},"author":6,"featured_media":2856,"comment_status":"open","ping_status":"open","sticky":false,"template":"","format":"standard","meta":{"om_disable_all_campaigns":false,"_monsterinsights_skip_tracking":false,"_monsterinsights_sitenote_active":false,"_monsterinsights_sitenote_note":"","_monsterinsights_sitenote_category":0,"footnotes":""},"categories":[1,20],"tags":[30,464],"class_list":{"0":"post-4085","1":"post","2":"type-post","3":"status-publish","4":"format-standard","5":"has-post-thumbnail","7":"category-nacionales","8":"category-turismo","9":"tag-david-collado","10":"tag-turismo-rs"},"aioseo_notices":[],"_links":{"self":[{"href":"https:\/\/periodicolarepublica.com\/index.php\/wp-json\/wp\/v2\/posts\/4085","targetHints":{"allow":["GET"]}}],"collection":[{"href":"https:\/\/periodicolarepublica.com\/index.php\/wp-json\/wp\/v2\/posts"}],"about":[{"href":"https:\/\/periodicolarepublica.com\/index.php\/wp-json\/wp\/v2\/types\/post"}],"author":[{"embeddable":true,"href":"https:\/\/periodicolarepublica.com\/index.php\/wp-json\/wp\/v2\/users\/6"}],"replies":[{"embeddable":true,"href":"https:\/\/periodicolarepublica.com\/index.php\/wp-json\/wp\/v2\/comments?post=4085"}],"version-history":[{"count":1,"href":"https:\/\/periodicolarepublica.com\/index.php\/wp-json\/wp\/v2\/posts\/4085\/revisions"}],"predecessor-version":[{"id":4086,"href":"https:\/\/periodicolarepublica.com\/index.php\/wp-json\/wp\/v2\/posts\/4085\/revisions\/4086"}],"wp:featuredmedia":[{"embeddable":true,"href":"https:\/\/periodicolarepublica.com\/index.php\/wp-json\/wp\/v2\/media\/2856"}],"wp:attachment":[{"href":"https:\/\/periodicolarepublica.com\/index.php\/wp-json\/wp\/v2\/media?parent=4085"}],"wp:term":[{"taxonomy":"category","embeddable":true,"href":"https:\/\/periodicolarepublica.com\/index.php\/wp-json\/wp\/v2\/categories?post=4085"},{"taxonomy":"post_tag","embeddable":true,"href":"https:\/\/periodicolarepublica.com\/index.php\/wp-json\/wp\/v2\/tags?post=4085"}],"curies":[{"name":"wp","href":"https:\/\/api.w.org\/{rel}","templated":true}]}}