{"id":4088,"date":"2025-09-14T14:08:36","date_gmt":"2025-09-14T18:08:36","guid":{"rendered":"https:\/\/periodicolarepublica.com\/?p=4088"},"modified":"2025-09-14T14:08:36","modified_gmt":"2025-09-14T18:08:36","slug":"tomas-hernandez-alberto-asegura-ningun-gobierno-ha-combatido-la-corrupcion-como-el-de-luis-abinader","status":"publish","type":"post","link":"https:\/\/periodicolarepublica.com\/index.php\/2025\/09\/14\/tomas-hernandez-alberto-asegura-ningun-gobierno-ha-combatido-la-corrupcion-como-el-de-luis-abinader\/","title":{"rendered":"Tom\u00e1s Hern\u00e1ndez Alberto asegura: Ning\u00fan gobierno ha combatido la corrupci\u00f3n como el de Luis Abinader"},"content":{"rendered":"<p>\u201cEl pa\u00eds debe estar claro aqu\u00ed se gobierna con honestidad y compromiso. No permitiremos que los que destruyeron el Estado intenten volver con mentiras y manipulaciones. Con Luis Abinader, gana el pueblo dominicano\u201d.<\/p>\n<p>&nbsp;<\/p>\n<p>Santo Domingo, R.D. \u2013 El dirigente pol\u00edtico e ingeniero Tom\u00e1s Hern\u00e1ndez Alberto, presidente del movimiento Poder P\u2019AL Pueblo, sali\u00f3 en defensa del presidente Luis Abinader frente a las campa\u00f1as de descr\u00e9dito impulsadas por sectores de la oposici\u00f3n, al asegurar que ning\u00fan otro mandatario ha enfrentado con tanta decisi\u00f3n la corrupci\u00f3n y la impunidad en la Rep\u00fablica Dominicana.<\/p>\n<p>&nbsp;<\/p>\n<p>Al ser abordado tras su participaci\u00f3n en el programa FM 109 La Radio, Hern\u00e1ndez Alberto afirm\u00f3 que \u201cen este pa\u00eds no ha existido un presidente m\u00e1s comprometido con la transparencia que Luis Abinader. \u00c9l ha dejado claro que aqu\u00ed no hay vacas sagradas: quien toque un centavo del pueblo tendr\u00e1 que responder en la justicia, sin importar apellido, cargo ni privilegios. Esa es la diferencia entre este Gobierno y los que hoy critican, pero que en su momento hicieron silencio o fueron c\u00f3mplices de la corrupci\u00f3n\u201d.<\/p>\n<p>&nbsp;<\/p>\n<p>En cuanto a los recientes apagones, se\u00f1al\u00f3 que estos son consecuencia del aumento en la demanda y las altas temperaturas registradas en los meses de agosto y septiembre. No obstante, subray\u00f3 que el Gobierno ya est\u00e1 dando respuesta con importantes inversiones en el sector energ\u00e9tico, lo que permitir\u00e1 normalizar gradualmente el servicio. \u201cLa oposici\u00f3n quiere pescar en r\u00edo revuelto, pero el pueblo sabe que este presidente est\u00e1 enfrentando la situaci\u00f3n con responsabilidad y soluciones concretas\u201d, puntualiz\u00f3.<img loading=\"lazy\" decoding=\"async\" class=\"size-medium wp-image-2926 alignright\" src=\"https:\/\/periodicolarepublica.com\/wp-content\/uploads\/2025\/03\/IMG-20250331-WA0156-266x300.jpg\" alt=\"\" width=\"266\" height=\"300\" srcset=\"https:\/\/periodicolarepublica.com\/wp-content\/uploads\/2025\/03\/IMG-20250331-WA0156-266x300.jpg?v=1743427068 266w, https:\/\/periodicolarepublica.com\/wp-content\/uploads\/2025\/03\/IMG-20250331-WA0156-908x1024.jpg?v=1743427068 908w, https:\/\/periodicolarepublica.com\/wp-content\/uploads\/2025\/03\/IMG-20250331-WA0156-768x866.jpg?v=1743427068 768w, https:\/\/periodicolarepublica.com\/wp-content\/uploads\/2025\/03\/IMG-20250331-WA0156-150x169.jpg?v=1743427068 150w, https:\/\/periodicolarepublica.com\/wp-content\/uploads\/2025\/03\/IMG-20250331-WA0156-300x338.jpg?v=1743427068 300w, https:\/\/periodicolarepublica.com\/wp-content\/uploads\/2025\/03\/IMG-20250331-WA0156-600x676.jpg?v=1743427068 600w, https:\/\/periodicolarepublica.com\/wp-content\/uploads\/2025\/03\/IMG-20250331-WA0156-696x785.jpg?v=1743427068 696w, https:\/\/periodicolarepublica.com\/wp-content\/uploads\/2025\/03\/IMG-20250331-WA0156.jpg?v=1743427068 912w\" sizes=\"auto, (max-width: 266px) 100vw, 266px\" \/><\/p>\n","protected":false},"excerpt":{"rendered":"<p>\u201cEl pa\u00eds debe estar claro aqu\u00ed se gobierna con honestidad y compromiso. No permitiremos que los que destruyeron el Estado intenten volver con mentiras y manipulaciones. Con Luis Abinader, gana el pueblo dominicano\u201d. &nbsp; Santo Domingo, R.D. \u2013 El dirigente pol\u00edtico e ingeniero Tom\u00e1s Hern\u00e1ndez Alberto, presidente del movimiento Poder P\u2019AL Pueblo, sali\u00f3 en defensa [&hellip;]<\/p>\n","protected":false},"author":10,"featured_media":2926,"comment_status":"open","ping_status":"open","sticky":false,"template":"","format":"standard","meta":{"om_disable_all_campaigns":false,"_monsterinsights_skip_tracking":false,"_monsterinsights_sitenote_active":false,"_monsterinsights_sitenote_note":"","_monsterinsights_sitenote_category":0,"footnotes":""},"categories":[1],"tags":[],"class_list":{"0":"post-4088","1":"post","2":"type-post","3":"status-publish","4":"format-standard","5":"has-post-thumbnail","7":"category-nacionales"},"aioseo_notices":[],"_links":{"self":[{"href":"https:\/\/periodicolarepublica.com\/index.php\/wp-json\/wp\/v2\/posts\/4088","targetHints":{"allow":["GET"]}}],"collection":[{"href":"https:\/\/periodicolarepublica.com\/index.php\/wp-json\/wp\/v2\/posts"}],"about":[{"href":"https:\/\/periodicolarepublica.com\/index.php\/wp-json\/wp\/v2\/types\/post"}],"author":[{"embeddable":true,"href":"https:\/\/periodicolarepublica.com\/index.php\/wp-json\/wp\/v2\/users\/10"}],"replies":[{"embeddable":true,"href":"https:\/\/periodicolarepublica.com\/index.php\/wp-json\/wp\/v2\/comments?post=4088"}],"version-history":[{"count":1,"href":"https:\/\/periodicolarepublica.com\/index.php\/wp-json\/wp\/v2\/posts\/4088\/revisions"}],"predecessor-version":[{"id":4089,"href":"https:\/\/periodicolarepublica.com\/index.php\/wp-json\/wp\/v2\/posts\/4088\/revisions\/4089"}],"wp:featuredmedia":[{"embeddable":true,"href":"https:\/\/periodicolarepublica.com\/index.php\/wp-json\/wp\/v2\/media\/2926"}],"wp:attachment":[{"href":"https:\/\/periodicolarepublica.com\/index.php\/wp-json\/wp\/v2\/media?parent=4088"}],"wp:term":[{"taxonomy":"category","embeddable":true,"href":"https:\/\/periodicolarepublica.com\/index.php\/wp-json\/wp\/v2\/categories?post=4088"},{"taxonomy":"post_tag","embeddable":true,"href":"https:\/\/periodicolarepublica.com\/index.php\/wp-json\/wp\/v2\/tags?post=4088"}],"curies":[{"name":"wp","href":"https:\/\/api.w.org\/{rel}","templated":true}]}}