{"id":4092,"date":"2025-09-16T19:26:00","date_gmt":"2025-09-16T23:26:00","guid":{"rendered":"https:\/\/periodicolarepublica.com\/?p=4092"},"modified":"2025-09-16T19:26:00","modified_gmt":"2025-09-16T23:26:00","slug":"tomas-hernandez-alberto-afirma-que-el-presidente-abinader-no-tolerara-la-corrupcion","status":"publish","type":"post","link":"https:\/\/periodicolarepublica.com\/index.php\/2025\/09\/16\/tomas-hernandez-alberto-afirma-que-el-presidente-abinader-no-tolerara-la-corrupcion\/","title":{"rendered":"Tom\u00e1s Hern\u00e1ndez Alberto afirma que el presidente Abinader no tolerar\u00e1 la corrupci\u00f3n"},"content":{"rendered":"<p>Santo Domingo. \u2013 El dirigente pol\u00edtico e ingeniero Tom\u00e1s Hern\u00e1ndez Alberto asegur\u00f3, durante una entrevista en el programa La Rep\u00fablica TV, que el presidente Luis Abinader ha demostrado con hechos que no permitir\u00e1 actos de corrupci\u00f3n en su gobierno, sin importar de qu\u00e9 funcionario se trate.<\/p>\n<p>&nbsp;<\/p>\n<p>Hern\u00e1ndez Alberto destac\u00f3 que los funcionarios est\u00e1n llamados a cuidar y proteger los recursos del pueblo dominicano, y no a utilizarlos en beneficio personal. \u201cEl pueblo le entreg\u00f3 su confianza al presidente Abinader porque es un hombre transparente, cercano y comprometido con invertir cada peso en favor del bienestar colectivo\u201d, expres\u00f3.<\/p>\n<p>&nbsp;<\/p>\n<p>En ese sentido, record\u00f3 que la actual gesti\u00f3n se ha caracterizado por la eficiencia en la administraci\u00f3n p\u00fablica y la correcta utilizaci\u00f3n de los recursos, destin\u00e1ndolos a programas sociales, obras de infraestructura y apoyo a los sectores m\u00e1s necesitados.<\/p>\n<p>&nbsp;<\/p>\n<p>Respecto a la oposici\u00f3n, Hern\u00e1ndez Alberto afirm\u00f3 que \u201cninguna campa\u00f1a de descr\u00e9dito podr\u00e1 empa\u00f1ar los logros del presidente Abinader, quien sigue firme al lado de la gente y gobernando con responsabilidad y honestidad\u201d.<\/p>\n<p>&nbsp;<\/p>\n<p>Concluy\u00f3 resaltando que la lucha contra la corrupci\u00f3n, la transparencia y la cercan\u00eda con el pueblo son los pilares que mantienen al gobierno del presidente Abinader con un alto nivel de confianza ciudadana.<img loading=\"lazy\" decoding=\"async\" class=\"alignnone size-medium wp-image-1956\" src=\"https:\/\/periodicolarepublica.com\/wp-content\/uploads\/2024\/10\/IMG_20241010_113753-300x199.jpg\" alt=\"\" width=\"300\" height=\"199\" srcset=\"https:\/\/periodicolarepublica.com\/wp-content\/uploads\/2024\/10\/IMG_20241010_113753-300x199.jpg?v=1729606685 300w, https:\/\/periodicolarepublica.com\/wp-content\/uploads\/2024\/10\/IMG_20241010_113753-1024x680.jpg?v=1729606685 1024w, https:\/\/periodicolarepublica.com\/wp-content\/uploads\/2024\/10\/IMG_20241010_113753-768x510.jpg?v=1729606685 768w, https:\/\/periodicolarepublica.com\/wp-content\/uploads\/2024\/10\/IMG_20241010_113753-1536x1020.jpg?v=1729606685 1536w, https:\/\/periodicolarepublica.com\/wp-content\/uploads\/2024\/10\/IMG_20241010_113753-150x100.jpg?v=1729606685 150w, https:\/\/periodicolarepublica.com\/wp-content\/uploads\/2024\/10\/IMG_20241010_113753-600x398.jpg?v=1729606685 600w, https:\/\/periodicolarepublica.com\/wp-content\/uploads\/2024\/10\/IMG_20241010_113753-696x462.jpg?v=1729606685 696w, https:\/\/periodicolarepublica.com\/wp-content\/uploads\/2024\/10\/IMG_20241010_113753-1392x924.jpg?v=1729606685 1392w, https:\/\/periodicolarepublica.com\/wp-content\/uploads\/2024\/10\/IMG_20241010_113753-1068x709.jpg?v=1729606685 1068w, https:\/\/periodicolarepublica.com\/wp-content\/uploads\/2024\/10\/IMG_20241010_113753-1920x1275.jpg?v=1729606685 1920w, https:\/\/periodicolarepublica.com\/wp-content\/uploads\/2024\/10\/IMG_20241010_113753.jpg?v=1729606685 2048w\" sizes=\"auto, (max-width: 300px) 100vw, 300px\" \/><\/p>\n","protected":false},"excerpt":{"rendered":"<p>Santo Domingo. \u2013 El dirigente pol\u00edtico e ingeniero Tom\u00e1s Hern\u00e1ndez Alberto asegur\u00f3, durante una entrevista en el programa La Rep\u00fablica TV, que el presidente Luis Abinader ha demostrado con hechos que no permitir\u00e1 actos de corrupci\u00f3n en su gobierno, sin importar de qu\u00e9 funcionario se trate. &nbsp; Hern\u00e1ndez Alberto destac\u00f3 que los funcionarios est\u00e1n llamados [&hellip;]<\/p>\n","protected":false},"author":10,"featured_media":1956,"comment_status":"open","ping_status":"open","sticky":false,"template":"","format":"standard","meta":{"om_disable_all_campaigns":false,"_monsterinsights_skip_tracking":false,"_monsterinsights_sitenote_active":false,"_monsterinsights_sitenote_note":"","_monsterinsights_sitenote_category":0,"footnotes":""},"categories":[1],"tags":[],"class_list":{"0":"post-4092","1":"post","2":"type-post","3":"status-publish","4":"format-standard","5":"has-post-thumbnail","7":"category-nacionales"},"aioseo_notices":[],"_links":{"self":[{"href":"https:\/\/periodicolarepublica.com\/index.php\/wp-json\/wp\/v2\/posts\/4092","targetHints":{"allow":["GET"]}}],"collection":[{"href":"https:\/\/periodicolarepublica.com\/index.php\/wp-json\/wp\/v2\/posts"}],"about":[{"href":"https:\/\/periodicolarepublica.com\/index.php\/wp-json\/wp\/v2\/types\/post"}],"author":[{"embeddable":true,"href":"https:\/\/periodicolarepublica.com\/index.php\/wp-json\/wp\/v2\/users\/10"}],"replies":[{"embeddable":true,"href":"https:\/\/periodicolarepublica.com\/index.php\/wp-json\/wp\/v2\/comments?post=4092"}],"version-history":[{"count":1,"href":"https:\/\/periodicolarepublica.com\/index.php\/wp-json\/wp\/v2\/posts\/4092\/revisions"}],"predecessor-version":[{"id":4093,"href":"https:\/\/periodicolarepublica.com\/index.php\/wp-json\/wp\/v2\/posts\/4092\/revisions\/4093"}],"wp:featuredmedia":[{"embeddable":true,"href":"https:\/\/periodicolarepublica.com\/index.php\/wp-json\/wp\/v2\/media\/1956"}],"wp:attachment":[{"href":"https:\/\/periodicolarepublica.com\/index.php\/wp-json\/wp\/v2\/media?parent=4092"}],"wp:term":[{"taxonomy":"category","embeddable":true,"href":"https:\/\/periodicolarepublica.com\/index.php\/wp-json\/wp\/v2\/categories?post=4092"},{"taxonomy":"post_tag","embeddable":true,"href":"https:\/\/periodicolarepublica.com\/index.php\/wp-json\/wp\/v2\/tags?post=4092"}],"curies":[{"name":"wp","href":"https:\/\/api.w.org\/{rel}","templated":true}]}}