{"id":4095,"date":"2025-09-19T12:48:11","date_gmt":"2025-09-19T16:48:11","guid":{"rendered":"https:\/\/periodicolarepublica.com\/?p=4095"},"modified":"2025-09-19T12:48:11","modified_gmt":"2025-09-19T16:48:11","slug":"tomas-hernandez-alberto-respalda-al-presidente-del-prm-jose-ignacio-paliza","status":"publish","type":"post","link":"https:\/\/periodicolarepublica.com\/index.php\/2025\/09\/19\/tomas-hernandez-alberto-respalda-al-presidente-del-prm-jose-ignacio-paliza\/","title":{"rendered":"Tom\u00e1s Hern\u00e1ndez Alberto respalda al presidente del PRM, Jos\u00e9 Ignacio Paliza"},"content":{"rendered":"<p>Santo Domingo, R.D. \u2013 El dirigente pol\u00edtico Tom\u00e1s Hern\u00e1ndez Alberto expres\u00f3 su total respaldo al presidente del Partido Revolucionario Moderno (PRM), Jos\u00e9 Ignacio Paliza, ante las recientes declaraciones en las que este reiter\u00f3 que los funcionarios con aspiraciones a cargos electivos deben presentar su renuncia en tiempo y forma.<\/p>\n<p>&nbsp;<\/p>\n<p>Hern\u00e1ndez Alberto destac\u00f3 que dicha posici\u00f3n \u201cno es m\u00e1s que el fiel cumplimiento de la Ley de Partidos y una muestra clara de que el PRM es un partido comprometido con la democracia, la transparencia y el respeto a las normas\u201d.<\/p>\n<p>&nbsp;<\/p>\n<p>Asimismo, se\u00f1al\u00f3 que Paliza \u201cact\u00faa consecuentemente con lo que m\u00e1s le conviene al presidente Luis Abinader y al partido, garantizando as\u00ed un proceso pol\u00edtico justo, ordenado y acorde a los principios democr\u00e1ticos que distinguen al PRM\u201d.<\/p>\n<p>&nbsp;<\/p>\n<p>El dirigente reafirm\u00f3 que el partido de gobierno seguir\u00e1 siendo ejemplo de institucionalidad en la Rep\u00fablica Dominicana, destacando que la fortaleza del PRM radica en su compromiso con la legalidad y la coherencia de sus l\u00edderes.<img loading=\"lazy\" decoding=\"async\" class=\"size-medium wp-image-4096 alignright\" src=\"https:\/\/periodicolarepublica.com\/wp-content\/uploads\/2025\/09\/20250919_124355-300x201.jpg\" alt=\"\" width=\"300\" height=\"201\" srcset=\"https:\/\/periodicolarepublica.com\/wp-content\/uploads\/2025\/09\/20250919_124355-300x201.jpg?v=1758300450 300w, https:\/\/periodicolarepublica.com\/wp-content\/uploads\/2025\/09\/20250919_124355-1024x685.jpg?v=1758300450 1024w, https:\/\/periodicolarepublica.com\/wp-content\/uploads\/2025\/09\/20250919_124355-768x513.jpg?v=1758300450 768w, https:\/\/periodicolarepublica.com\/wp-content\/uploads\/2025\/09\/20250919_124355-1536x1027.jpg?v=1758300450 1536w, https:\/\/periodicolarepublica.com\/wp-content\/uploads\/2025\/09\/20250919_124355-2048x1369.jpg?v=1758300450 2048w, https:\/\/periodicolarepublica.com\/wp-content\/uploads\/2025\/09\/20250919_124355-150x100.jpg?v=1758300450 150w, https:\/\/periodicolarepublica.com\/wp-content\/uploads\/2025\/09\/20250919_124355-600x401.jpg?v=1758300450 600w, https:\/\/periodicolarepublica.com\/wp-content\/uploads\/2025\/09\/20250919_124355-696x465.jpg?v=1758300450 696w, https:\/\/periodicolarepublica.com\/wp-content\/uploads\/2025\/09\/20250919_124355-1392x931.jpg?v=1758300450 1392w, https:\/\/periodicolarepublica.com\/wp-content\/uploads\/2025\/09\/20250919_124355-1068x714.jpg?v=1758300450 1068w, https:\/\/periodicolarepublica.com\/wp-content\/uploads\/2025\/09\/20250919_124355-1920x1284.jpg?v=1758300450 1920w\" sizes=\"auto, (max-width: 300px) 100vw, 300px\" \/><\/p>\n","protected":false},"excerpt":{"rendered":"<p>Santo Domingo, R.D. \u2013 El dirigente pol\u00edtico Tom\u00e1s Hern\u00e1ndez Alberto expres\u00f3 su total respaldo al presidente del Partido Revolucionario Moderno (PRM), Jos\u00e9 Ignacio Paliza, ante las recientes declaraciones en las que este reiter\u00f3 que los funcionarios con aspiraciones a cargos electivos deben presentar su renuncia en tiempo y forma. &nbsp; Hern\u00e1ndez Alberto destac\u00f3 que dicha [&hellip;]<\/p>\n","protected":false},"author":10,"featured_media":4096,"comment_status":"open","ping_status":"open","sticky":false,"template":"","format":"standard","meta":{"om_disable_all_campaigns":false,"_monsterinsights_skip_tracking":false,"_monsterinsights_sitenote_active":false,"_monsterinsights_sitenote_note":"","_monsterinsights_sitenote_category":0,"footnotes":""},"categories":[1],"tags":[],"class_list":{"0":"post-4095","1":"post","2":"type-post","3":"status-publish","4":"format-standard","5":"has-post-thumbnail","7":"category-nacionales"},"aioseo_notices":[],"_links":{"self":[{"href":"https:\/\/periodicolarepublica.com\/index.php\/wp-json\/wp\/v2\/posts\/4095","targetHints":{"allow":["GET"]}}],"collection":[{"href":"https:\/\/periodicolarepublica.com\/index.php\/wp-json\/wp\/v2\/posts"}],"about":[{"href":"https:\/\/periodicolarepublica.com\/index.php\/wp-json\/wp\/v2\/types\/post"}],"author":[{"embeddable":true,"href":"https:\/\/periodicolarepublica.com\/index.php\/wp-json\/wp\/v2\/users\/10"}],"replies":[{"embeddable":true,"href":"https:\/\/periodicolarepublica.com\/index.php\/wp-json\/wp\/v2\/comments?post=4095"}],"version-history":[{"count":1,"href":"https:\/\/periodicolarepublica.com\/index.php\/wp-json\/wp\/v2\/posts\/4095\/revisions"}],"predecessor-version":[{"id":4097,"href":"https:\/\/periodicolarepublica.com\/index.php\/wp-json\/wp\/v2\/posts\/4095\/revisions\/4097"}],"wp:featuredmedia":[{"embeddable":true,"href":"https:\/\/periodicolarepublica.com\/index.php\/wp-json\/wp\/v2\/media\/4096"}],"wp:attachment":[{"href":"https:\/\/periodicolarepublica.com\/index.php\/wp-json\/wp\/v2\/media?parent=4095"}],"wp:term":[{"taxonomy":"category","embeddable":true,"href":"https:\/\/periodicolarepublica.com\/index.php\/wp-json\/wp\/v2\/categories?post=4095"},{"taxonomy":"post_tag","embeddable":true,"href":"https:\/\/periodicolarepublica.com\/index.php\/wp-json\/wp\/v2\/tags?post=4095"}],"curies":[{"name":"wp","href":"https:\/\/api.w.org\/{rel}","templated":true}]}}