{"id":4098,"date":"2025-09-21T18:46:12","date_gmt":"2025-09-21T22:46:12","guid":{"rendered":"https:\/\/periodicolarepublica.com\/?p=4098"},"modified":"2025-09-21T18:46:12","modified_gmt":"2025-09-21T22:46:12","slug":"resistencia-y-determinacion-marcaron-el-dia-3-del-master-of-the-ocean-2025","status":"publish","type":"post","link":"https:\/\/periodicolarepublica.com\/index.php\/2025\/09\/21\/resistencia-y-determinacion-marcaron-el-dia-3-del-master-of-the-ocean-2025\/","title":{"rendered":"Resistencia y determinaci\u00f3n marcaron el D\u00eda 3 del Master of the Ocean 2025"},"content":{"rendered":"<p>Series de Surf y SUP Overall dominaron mientras el viento no se present\u00f3 en Cabarete<\/p>\n<p>CABARETE, Rep\u00fablica Dominicana \u2013 19 de septiembre de 2025<\/p>\n<p>El tercer d\u00eda del Master of the Ocean 2025 puso a prueba a los atletas con condiciones desafiantes de olas de 2 a 4 pies, movidas e impredecibles. A pesar de ello, los competidores de Surf y SUP Overall respondieron con determinaci\u00f3n, adaptabilidad y resistencia, demostrando que en esta competencia la resistencia es tan importante como el estilo.<\/p>\n<p>La jornada inici\u00f3 con series que dejaron en claro la calidad del campo de atletas. Maxime L\u2019Huillier sorprendi\u00f3 al p\u00fablico al superar el nivel que conoc\u00edamos de su surfing, llev\u00e1ndose el primer lugar en su serie gracias a una selecci\u00f3n de olas precisa y maniobras s\u00f3lidas. Su actuaci\u00f3n destac\u00f3 c\u00f3mo los competidores siguen empujando sus l\u00edmites en m\u00faltiples disciplinas.<\/p>\n<p>La creatividad tambi\u00e9n se hizo presente, ya que cada atleta busc\u00f3 el equipo m\u00e1s vers\u00e1til para las condiciones cambiantes. Uno de los momentos m\u00e1s atrevidos lo protagoniz\u00f3 Jer\u00f3nimo Abogado de M\u00e9xico, quien impresion\u00f3 a jueces y espectadores al arriesgarse primero con el foil en las izquierdas y luego cambiar a una tabla corta, una muestra de versatilidad y riesgo que refleja el esp\u00edritu del Master of the Ocean.<\/p>\n<p><img loading=\"lazy\" decoding=\"async\" class=\"alignnone size-medium wp-image-4099\" src=\"https:\/\/periodicolarepublica.com\/wp-content\/uploads\/2025\/09\/IMG-20250922-WA0000-e1758494729218-300x212.jpg\" alt=\"\" width=\"300\" height=\"212\" srcset=\"https:\/\/periodicolarepublica.com\/wp-content\/uploads\/2025\/09\/IMG-20250922-WA0000-e1758494729218-300x212.jpg 300w, https:\/\/periodicolarepublica.com\/wp-content\/uploads\/2025\/09\/IMG-20250922-WA0000-e1758494729218-150x106.jpg 150w, https:\/\/periodicolarepublica.com\/wp-content\/uploads\/2025\/09\/IMG-20250922-WA0000-e1758494729218-600x424.jpg 600w, https:\/\/periodicolarepublica.com\/wp-content\/uploads\/2025\/09\/IMG-20250922-WA0000-e1758494729218-100x70.jpg 100w, https:\/\/periodicolarepublica.com\/wp-content\/uploads\/2025\/09\/IMG-20250922-WA0000-e1758494729218-200x140.jpg 200w, https:\/\/periodicolarepublica.com\/wp-content\/uploads\/2025\/09\/IMG-20250922-WA0000-e1758494729218.jpg 694w\" sizes=\"auto, (max-width: 300px) 100vw, 300px\" \/><\/p>\n","protected":false},"excerpt":{"rendered":"<p>Series de Surf y SUP Overall dominaron mientras el viento no se present\u00f3 en Cabarete CABARETE, Rep\u00fablica Dominicana \u2013 19 de septiembre de 2025 El tercer d\u00eda del Master of the Ocean 2025 puso a prueba a los atletas con condiciones desafiantes de olas de 2 a 4 pies, movidas e impredecibles. A pesar de [&hellip;]<\/p>\n","protected":false},"author":6,"featured_media":4099,"comment_status":"open","ping_status":"open","sticky":false,"template":"","format":"standard","meta":{"om_disable_all_campaigns":false,"_monsterinsights_skip_tracking":false,"_monsterinsights_sitenote_active":false,"_monsterinsights_sitenote_note":"","_monsterinsights_sitenote_category":0,"footnotes":""},"categories":[1],"tags":[],"class_list":{"0":"post-4098","1":"post","2":"type-post","3":"status-publish","4":"format-standard","5":"has-post-thumbnail","7":"category-nacionales"},"aioseo_notices":[],"_links":{"self":[{"href":"https:\/\/periodicolarepublica.com\/index.php\/wp-json\/wp\/v2\/posts\/4098","targetHints":{"allow":["GET"]}}],"collection":[{"href":"https:\/\/periodicolarepublica.com\/index.php\/wp-json\/wp\/v2\/posts"}],"about":[{"href":"https:\/\/periodicolarepublica.com\/index.php\/wp-json\/wp\/v2\/types\/post"}],"author":[{"embeddable":true,"href":"https:\/\/periodicolarepublica.com\/index.php\/wp-json\/wp\/v2\/users\/6"}],"replies":[{"embeddable":true,"href":"https:\/\/periodicolarepublica.com\/index.php\/wp-json\/wp\/v2\/comments?post=4098"}],"version-history":[{"count":1,"href":"https:\/\/periodicolarepublica.com\/index.php\/wp-json\/wp\/v2\/posts\/4098\/revisions"}],"predecessor-version":[{"id":4100,"href":"https:\/\/periodicolarepublica.com\/index.php\/wp-json\/wp\/v2\/posts\/4098\/revisions\/4100"}],"wp:featuredmedia":[{"embeddable":true,"href":"https:\/\/periodicolarepublica.com\/index.php\/wp-json\/wp\/v2\/media\/4099"}],"wp:attachment":[{"href":"https:\/\/periodicolarepublica.com\/index.php\/wp-json\/wp\/v2\/media?parent=4098"}],"wp:term":[{"taxonomy":"category","embeddable":true,"href":"https:\/\/periodicolarepublica.com\/index.php\/wp-json\/wp\/v2\/categories?post=4098"},{"taxonomy":"post_tag","embeddable":true,"href":"https:\/\/periodicolarepublica.com\/index.php\/wp-json\/wp\/v2\/tags?post=4098"}],"curies":[{"name":"wp","href":"https:\/\/api.w.org\/{rel}","templated":true}]}}