{"id":4101,"date":"2025-09-22T15:06:33","date_gmt":"2025-09-22T19:06:33","guid":{"rendered":"https:\/\/periodicolarepublica.com\/?p=4101"},"modified":"2025-09-22T15:06:33","modified_gmt":"2025-09-22T19:06:33","slug":"tomas-hernandez-alberto-defiende-gestion-del-presidente-luis-abinader-ante-criticas-de-leonel-fernandez","status":"publish","type":"post","link":"https:\/\/periodicolarepublica.com\/index.php\/2025\/09\/22\/tomas-hernandez-alberto-defiende-gestion-del-presidente-luis-abinader-ante-criticas-de-leonel-fernandez\/","title":{"rendered":"Tom\u00e1s Hern\u00e1ndez Alberto defiende gesti\u00f3n del presidente Luis Abinader ante cr\u00edticas de Leonel Fern\u00e1ndez"},"content":{"rendered":"<p>El Diregente Pol\u00edtico asegura que en apenas cuatro a\u00f1os, el Gobierno actual ha invertido m\u00e1s en salud, energ\u00eda y servicios p\u00fablicos que en los doce a\u00f1os de administraciones pasadas.<\/p>\n<p>&nbsp;<\/p>\n<p>SANTO DOMINGO.\u2013 El ingeniero Tom\u00e1s Hern\u00e1ndez Alberto sali\u00f3 en defensa del presidente Luis Abinader, tras las declaraciones del expresidente Leonel Fern\u00e1ndez, quien en un acto en la ciudad de Nueva York cuestion\u00f3 la calidad de los servicios p\u00fablicos en la Rep\u00fablica Dominicana.<\/p>\n<p>&nbsp;<\/p>\n<p>Hern\u00e1ndez Alberto calific\u00f3 las afirmaciones del exmandatario como un acto de \u201cdemagogia pol\u00edtica\u201d y record\u00f3 que bajo la actual gesti\u00f3n se han impulsado inversiones hist\u00f3ricas en salud, educaci\u00f3n, energ\u00eda y servicios b\u00e1sicos, superando lo realizado en los doce a\u00f1os de gobierno de Fern\u00e1ndez.<\/p>\n<p>&nbsp;<\/p>\n<p>En materia de salud, destac\u00f3 que el presidente Abinader ha remozado y equipado decenas de hospitales en todo el pa\u00eds, garantizando mejores servicios a la poblaci\u00f3n. \u201cHoy la gente encuentra hospitales con equipos modernos, personal capacitado y atenci\u00f3n m\u00e1s digna, lo que demuestra que este gobierno cumple con hechos y no con discursos\u201d, afirm\u00f3.<\/p>\n<p>&nbsp;<\/p>\n<p>Sobre el sistema el\u00e9ctrico, reconoci\u00f3 que a\u00fan persisten retos, pero aclar\u00f3 que el actual gobierno ha avanzado en la diversificaci\u00f3n energ\u00e9tica y en la inversi\u00f3n en energ\u00edas renovables. \u201cLos apagones no nacieron en este gobierno. La poblaci\u00f3n sabe muy bien en qu\u00e9 gestiones se profundiz\u00f3 la crisis energ\u00e9tica. Hoy, lo que existe es un plan serio para resolverla\u201d, puntualiz\u00f3.<\/p>\n<p>&nbsp;<\/p>\n<p>El ingeniero resalt\u00f3 adem\u00e1s que los dominicanos en el exterior tienen hoy un mejor acceso a servicios consulares, programas sociales y mecanismos de apoyo econ\u00f3mico. \u201cLa di\u00e1spora por primera vez siente un gobierno cercano, que la escucha y que le responde con hechos concretos\u201d, se\u00f1al\u00f3.<\/p>\n<p>&nbsp;<\/p>\n<p>De igual manera, subray\u00f3 el compromiso del presidente Abinader con la transparencia y la rendici\u00f3n de cuentas, resaltando que organismos internacionales han reconocido al pa\u00eds como uno de los que m\u00e1s ha avanzado en control institucional y combate a la corrupci\u00f3n.<\/p>\n<p>&nbsp;<\/p>\n<p>En ese sentido, Hern\u00e1ndez Alberto inst\u00f3 a Leonel Fern\u00e1ndez a asumir una postura constructiva en vez de descalificar los logros alcanzados. \u201cLas cr\u00edticas sin fundamento lo \u00fanico que reflejan es desesperaci\u00f3n pol\u00edtica. El pueblo dominicano est\u00e1 consciente de los avances logrados y no se dejar\u00e1 confundir\u201d, expres\u00f3.<\/p>\n<p>&nbsp;<\/p>\n<p>Finalmente, reiter\u00f3 que la prioridad del actual gobierno es trabajar por el bienestar del pueblo dominicano con responsabilidad, resultados y transparencia. \u201cLa diferencia es clara: en cuatro a\u00f1os de Abinader se ha hecho m\u00e1s que en doce de Fern\u00e1ndez\u201d, concluy\u00f3.<img loading=\"lazy\" decoding=\"async\" class=\"size-medium wp-image-3835 alignright\" src=\"https:\/\/periodicolarepublica.com\/wp-content\/uploads\/2025\/08\/IMG_20250802_134733-300x184.jpg\" alt=\"\" width=\"300\" height=\"184\" srcset=\"https:\/\/periodicolarepublica.com\/wp-content\/uploads\/2025\/08\/IMG_20250802_134733-300x184.jpg?v=1754227008 300w, https:\/\/periodicolarepublica.com\/wp-content\/uploads\/2025\/08\/IMG_20250802_134733-1024x629.jpg?v=1754227008 1024w, https:\/\/periodicolarepublica.com\/wp-content\/uploads\/2025\/08\/IMG_20250802_134733-768x472.jpg?v=1754227008 768w, https:\/\/periodicolarepublica.com\/wp-content\/uploads\/2025\/08\/IMG_20250802_134733-1536x944.jpg?v=1754227008 1536w, https:\/\/periodicolarepublica.com\/wp-content\/uploads\/2025\/08\/IMG_20250802_134733-150x92.jpg?v=1754227008 150w, https:\/\/periodicolarepublica.com\/wp-content\/uploads\/2025\/08\/IMG_20250802_134733-600x369.jpg?v=1754227008 600w, https:\/\/periodicolarepublica.com\/wp-content\/uploads\/2025\/08\/IMG_20250802_134733-696x428.jpg?v=1754227008 696w, https:\/\/periodicolarepublica.com\/wp-content\/uploads\/2025\/08\/IMG_20250802_134733-1392x855.jpg?v=1754227008 1392w, https:\/\/periodicolarepublica.com\/wp-content\/uploads\/2025\/08\/IMG_20250802_134733-1068x656.jpg?v=1754227008 1068w, https:\/\/periodicolarepublica.com\/wp-content\/uploads\/2025\/08\/IMG_20250802_134733-1920x1179.jpg?v=1754227008 1920w, https:\/\/periodicolarepublica.com\/wp-content\/uploads\/2025\/08\/IMG_20250802_134733.jpg?v=1754227008 2048w\" sizes=\"auto, (max-width: 300px) 100vw, 300px\" \/><\/p>\n","protected":false},"excerpt":{"rendered":"<p>El Diregente Pol\u00edtico asegura que en apenas cuatro a\u00f1os, el Gobierno actual ha invertido m\u00e1s en salud, energ\u00eda y servicios p\u00fablicos que en los doce a\u00f1os de administraciones pasadas. &nbsp; SANTO DOMINGO.\u2013 El ingeniero Tom\u00e1s Hern\u00e1ndez Alberto sali\u00f3 en defensa del presidente Luis Abinader, tras las declaraciones del expresidente Leonel Fern\u00e1ndez, quien en un acto [&hellip;]<\/p>\n","protected":false},"author":10,"featured_media":3835,"comment_status":"open","ping_status":"open","sticky":false,"template":"","format":"standard","meta":{"om_disable_all_campaigns":false,"_monsterinsights_skip_tracking":false,"_monsterinsights_sitenote_active":false,"_monsterinsights_sitenote_note":"","_monsterinsights_sitenote_category":0,"footnotes":""},"categories":[1],"tags":[],"class_list":{"0":"post-4101","1":"post","2":"type-post","3":"status-publish","4":"format-standard","5":"has-post-thumbnail","7":"category-nacionales"},"aioseo_notices":[],"_links":{"self":[{"href":"https:\/\/periodicolarepublica.com\/index.php\/wp-json\/wp\/v2\/posts\/4101","targetHints":{"allow":["GET"]}}],"collection":[{"href":"https:\/\/periodicolarepublica.com\/index.php\/wp-json\/wp\/v2\/posts"}],"about":[{"href":"https:\/\/periodicolarepublica.com\/index.php\/wp-json\/wp\/v2\/types\/post"}],"author":[{"embeddable":true,"href":"https:\/\/periodicolarepublica.com\/index.php\/wp-json\/wp\/v2\/users\/10"}],"replies":[{"embeddable":true,"href":"https:\/\/periodicolarepublica.com\/index.php\/wp-json\/wp\/v2\/comments?post=4101"}],"version-history":[{"count":1,"href":"https:\/\/periodicolarepublica.com\/index.php\/wp-json\/wp\/v2\/posts\/4101\/revisions"}],"predecessor-version":[{"id":4102,"href":"https:\/\/periodicolarepublica.com\/index.php\/wp-json\/wp\/v2\/posts\/4101\/revisions\/4102"}],"wp:featuredmedia":[{"embeddable":true,"href":"https:\/\/periodicolarepublica.com\/index.php\/wp-json\/wp\/v2\/media\/3835"}],"wp:attachment":[{"href":"https:\/\/periodicolarepublica.com\/index.php\/wp-json\/wp\/v2\/media?parent=4101"}],"wp:term":[{"taxonomy":"category","embeddable":true,"href":"https:\/\/periodicolarepublica.com\/index.php\/wp-json\/wp\/v2\/categories?post=4101"},{"taxonomy":"post_tag","embeddable":true,"href":"https:\/\/periodicolarepublica.com\/index.php\/wp-json\/wp\/v2\/tags?post=4101"}],"curies":[{"name":"wp","href":"https:\/\/api.w.org\/{rel}","templated":true}]}}