{"id":4106,"date":"2025-09-25T18:44:26","date_gmt":"2025-09-25T22:44:26","guid":{"rendered":"https:\/\/periodicolarepublica.com\/?p=4106"},"modified":"2025-09-25T18:44:26","modified_gmt":"2025-09-25T22:44:26","slug":"comunidades-de-santo-domingo-este-denuncian-apagones-de-mas-de-15-horas-y-hacen-un-llamado-al-presidente-abinader","status":"publish","type":"post","link":"https:\/\/periodicolarepublica.com\/index.php\/2025\/09\/25\/comunidades-de-santo-domingo-este-denuncian-apagones-de-mas-de-15-horas-y-hacen-un-llamado-al-presidente-abinader\/","title":{"rendered":"Comunidades de Santo Domingo Este denuncian apagones de m\u00e1s de 15 horas y hacen un llamado al presidente Abinader"},"content":{"rendered":"<p>Santo Domingo Este, RD. \u2013 Residentes de los sectores Los Frailes, Hip\u00f3dromo V Centenario y comunidades aleda\u00f1as denunciaron este jueves que contin\u00faan enfrentando apagones prolongados de hasta 15 horas diarias, lo que afecta gravemente su vida cotidiana, el comercio local y la seguridad en la zona.<\/p>\n<p>&nbsp;<\/p>\n<p>Los comunitarios expresaron su frustraci\u00f3n ante la falta de respuesta por parte de la Empresa Distribuidora de Electricidad del Este (EDEESTE) y advirtieron que la situaci\u00f3n se vuelve insostenible.<\/p>\n<p>&nbsp;<\/p>\n<p>\u201cEstamos desesperados. No tenemos c\u00f3mo conservar los alimentos, los ni\u00f1os no pueden estudiar de noche, los negocios est\u00e1n quebrando y la inseguridad aumenta en la oscuridad\u201d, manifestaron dirigentes comunitarios durante un encuentro en la zona.<\/p>\n<p>&nbsp;<\/p>\n<p>Ante la persistencia de las interrupciones el\u00e9ctricas, los residentes hicieron un llamado directo al presidente Luis Abinader para que disponga soluciones inmediatas y garantice un servicio energ\u00e9tico digno y estable.<\/p>\n<p>&nbsp;<\/p>\n<p>\u201cConfiamos en que nuestro presidente escuche este clamor y tome cartas en el asunto. La electricidad es un derecho b\u00e1sico y no podemos seguir viviendo en estas condiciones\u201d, enfatizaron.<\/p>\n<p>&nbsp;<\/p>\n<p>Las comunidades afectadas reiteraron que mantendr\u00e1n su voz en alto hasta obtener una respuesta efectiva que ponga fin a los prolongados cortes el\u00e9ctricos que vienen padeciendo desde hace meses.<img loading=\"lazy\" decoding=\"async\" class=\"alignnone size-medium wp-image-3627\" src=\"https:\/\/periodicolarepublica.com\/wp-content\/uploads\/2025\/07\/IMG_20250709_142341-300x174.jpg\" alt=\"\" width=\"300\" height=\"174\" srcset=\"https:\/\/periodicolarepublica.com\/wp-content\/uploads\/2025\/07\/IMG_20250709_142341-300x174.jpg?v=1752085805 300w, https:\/\/periodicolarepublica.com\/wp-content\/uploads\/2025\/07\/IMG_20250709_142341-150x87.jpg?v=1752085805 150w, https:\/\/periodicolarepublica.com\/wp-content\/uploads\/2025\/07\/IMG_20250709_142341.jpg?v=1752085805 413w\" sizes=\"auto, (max-width: 300px) 100vw, 300px\" \/><\/p>\n","protected":false},"excerpt":{"rendered":"<p>Santo Domingo Este, RD. \u2013 Residentes de los sectores Los Frailes, Hip\u00f3dromo V Centenario y comunidades aleda\u00f1as denunciaron este jueves que contin\u00faan enfrentando apagones prolongados de hasta 15 horas diarias, lo que afecta gravemente su vida cotidiana, el comercio local y la seguridad en la zona. &nbsp; Los comunitarios expresaron su frustraci\u00f3n ante la falta [&hellip;]<\/p>\n","protected":false},"author":10,"featured_media":3627,"comment_status":"open","ping_status":"open","sticky":false,"template":"","format":"standard","meta":{"om_disable_all_campaigns":false,"_monsterinsights_skip_tracking":false,"_monsterinsights_sitenote_active":false,"_monsterinsights_sitenote_note":"","_monsterinsights_sitenote_category":0,"footnotes":""},"categories":[1],"tags":[],"class_list":{"0":"post-4106","1":"post","2":"type-post","3":"status-publish","4":"format-standard","5":"has-post-thumbnail","7":"category-nacionales"},"aioseo_notices":[],"_links":{"self":[{"href":"https:\/\/periodicolarepublica.com\/index.php\/wp-json\/wp\/v2\/posts\/4106","targetHints":{"allow":["GET"]}}],"collection":[{"href":"https:\/\/periodicolarepublica.com\/index.php\/wp-json\/wp\/v2\/posts"}],"about":[{"href":"https:\/\/periodicolarepublica.com\/index.php\/wp-json\/wp\/v2\/types\/post"}],"author":[{"embeddable":true,"href":"https:\/\/periodicolarepublica.com\/index.php\/wp-json\/wp\/v2\/users\/10"}],"replies":[{"embeddable":true,"href":"https:\/\/periodicolarepublica.com\/index.php\/wp-json\/wp\/v2\/comments?post=4106"}],"version-history":[{"count":1,"href":"https:\/\/periodicolarepublica.com\/index.php\/wp-json\/wp\/v2\/posts\/4106\/revisions"}],"predecessor-version":[{"id":4107,"href":"https:\/\/periodicolarepublica.com\/index.php\/wp-json\/wp\/v2\/posts\/4106\/revisions\/4107"}],"wp:featuredmedia":[{"embeddable":true,"href":"https:\/\/periodicolarepublica.com\/index.php\/wp-json\/wp\/v2\/media\/3627"}],"wp:attachment":[{"href":"https:\/\/periodicolarepublica.com\/index.php\/wp-json\/wp\/v2\/media?parent=4106"}],"wp:term":[{"taxonomy":"category","embeddable":true,"href":"https:\/\/periodicolarepublica.com\/index.php\/wp-json\/wp\/v2\/categories?post=4106"},{"taxonomy":"post_tag","embeddable":true,"href":"https:\/\/periodicolarepublica.com\/index.php\/wp-json\/wp\/v2\/tags?post=4106"}],"curies":[{"name":"wp","href":"https:\/\/api.w.org\/{rel}","templated":true}]}}