{"id":4109,"date":"2025-09-26T10:01:48","date_gmt":"2025-09-26T14:01:48","guid":{"rendered":"https:\/\/periodicolarepublica.com\/?p=4109"},"modified":"2025-09-26T10:01:48","modified_gmt":"2025-09-26T14:01:48","slug":"luis-abinader-liderazgo-y-transparencia-leonel-y-la-oposicion-corrupcion-y-pasado-oscuro","status":"publish","type":"post","link":"https:\/\/periodicolarepublica.com\/index.php\/2025\/09\/26\/luis-abinader-liderazgo-y-transparencia-leonel-y-la-oposicion-corrupcion-y-pasado-oscuro\/","title":{"rendered":"\u201cLuis Abinader: liderazgo y transparencia; Leonel y la oposici\u00f3n: corrupci\u00f3n y pasado oscuro\u201d"},"content":{"rendered":"<p>Santo Domingo, R.D. \u2013 El Ing. Tom\u00e1s Hern\u00e1ndez Alberto expres\u00f3 su respaldo total al presidente Luis Abinader, destacando que su participaci\u00f3n en la Asamblea General de la ONU confirma que hoy la Rep\u00fablica Dominicana cuenta con un l\u00edder respetado a nivel internacional, comprometido con el desarrollo y con la defensa firme de la soberan\u00eda nacional.<\/p>\n<p>&nbsp;<\/p>\n<p>\u201cEl presidente Abinader habl\u00f3 en la ONU con la frente en alto, defendiendo a su pa\u00eds, mostrando un liderazgo transparente y con resultados. Mientras tanto, la oposici\u00f3n encabezada por Leonel Fern\u00e1ndez solo carga con el lastre de la corrupci\u00f3n, del saqueo al Estado y del retroceso que marc\u00f3 sus gobiernos\u201d, afirm\u00f3 Hern\u00e1ndez Alberto.<\/p>\n<p>&nbsp;<\/p>\n<p>El dirigente se\u00f1al\u00f3 que los logros econ\u00f3micos alcanzados bajo la actual gesti\u00f3n son reconocidos por organismos internacionales, situando al pa\u00eds como la econom\u00eda de mayor crecimiento en toda la regi\u00f3n.<\/p>\n<p>&nbsp;<\/p>\n<p>\u201cHoy tenemos crecimiento econ\u00f3mico, estabilidad y confianza internacional gracias a Luis Abinader. Eso es lo que duele a la oposici\u00f3n, que no tiene propuestas, ni moral para hablar. Solo buscan enga\u00f1ar al pueblo para volver con la misma camarilla que hundi\u00f3 la Rep\u00fablica Dominicana en la corrupci\u00f3n y la impunidad\u201d, agreg\u00f3.<\/p>\n<p>&nbsp;<\/p>\n<p>Finalmente, Hern\u00e1ndez Alberto asegur\u00f3 que el pueblo dominicano ya despert\u00f3 y sabe distinguir entre el cambio verdadero que encarna Abinader y el pasado oscuro que representan Leonel Fern\u00e1ndez y sus c\u00f3mplices.<\/p>\n<p>&nbsp;<\/p>\n<p>\u201cCon Abinader vamos hacia adelante; con Leonel y su oposici\u00f3n solo volver\u00edamos al pantano de la corrupci\u00f3n. Y el pueblo no lo permitir\u00e1\u201d, concluy\u00f3.<img loading=\"lazy\" decoding=\"async\" class=\"size-medium wp-image-2832 alignright\" src=\"https:\/\/periodicolarepublica.com\/wp-content\/uploads\/2025\/03\/IMG_20250309_160456-300x201.jpg\" alt=\"\" width=\"300\" height=\"201\" srcset=\"https:\/\/periodicolarepublica.com\/wp-content\/uploads\/2025\/03\/IMG_20250309_160456-300x201.jpg?v=1741565615 300w, https:\/\/periodicolarepublica.com\/wp-content\/uploads\/2025\/03\/IMG_20250309_160456-1024x687.jpg?v=1741565615 1024w, https:\/\/periodicolarepublica.com\/wp-content\/uploads\/2025\/03\/IMG_20250309_160456-768x515.jpg?v=1741565615 768w, https:\/\/periodicolarepublica.com\/wp-content\/uploads\/2025\/03\/IMG_20250309_160456-1536x1030.jpg?v=1741565615 1536w, https:\/\/periodicolarepublica.com\/wp-content\/uploads\/2025\/03\/IMG_20250309_160456-2048x1374.jpg?v=1741565615 2048w, https:\/\/periodicolarepublica.com\/wp-content\/uploads\/2025\/03\/IMG_20250309_160456-150x101.jpg?v=1741565615 150w, https:\/\/periodicolarepublica.com\/wp-content\/uploads\/2025\/03\/IMG_20250309_160456-600x403.jpg?v=1741565615 600w, https:\/\/periodicolarepublica.com\/wp-content\/uploads\/2025\/03\/IMG_20250309_160456-696x467.jpg?v=1741565615 696w, https:\/\/periodicolarepublica.com\/wp-content\/uploads\/2025\/03\/IMG_20250309_160456-1392x934.jpg?v=1741565615 1392w, https:\/\/periodicolarepublica.com\/wp-content\/uploads\/2025\/03\/IMG_20250309_160456-1068x716.jpg?v=1741565615 1068w, https:\/\/periodicolarepublica.com\/wp-content\/uploads\/2025\/03\/IMG_20250309_160456-1920x1288.jpg?v=1741565615 1920w\" sizes=\"auto, (max-width: 300px) 100vw, 300px\" \/><\/p>\n","protected":false},"excerpt":{"rendered":"<p>Santo Domingo, R.D. \u2013 El Ing. Tom\u00e1s Hern\u00e1ndez Alberto expres\u00f3 su respaldo total al presidente Luis Abinader, destacando que su participaci\u00f3n en la Asamblea General de la ONU confirma que hoy la Rep\u00fablica Dominicana cuenta con un l\u00edder respetado a nivel internacional, comprometido con el desarrollo y con la defensa firme de la soberan\u00eda nacional. [&hellip;]<\/p>\n","protected":false},"author":10,"featured_media":2832,"comment_status":"open","ping_status":"open","sticky":false,"template":"","format":"standard","meta":{"om_disable_all_campaigns":false,"_monsterinsights_skip_tracking":false,"_monsterinsights_sitenote_active":false,"_monsterinsights_sitenote_note":"","_monsterinsights_sitenote_category":0,"footnotes":""},"categories":[1],"tags":[163],"class_list":{"0":"post-4109","1":"post","2":"type-post","3":"status-publish","4":"format-standard","5":"has-post-thumbnail","7":"category-nacionales","8":"tag-tomas-hernandez-alberto"},"aioseo_notices":[],"_links":{"self":[{"href":"https:\/\/periodicolarepublica.com\/index.php\/wp-json\/wp\/v2\/posts\/4109","targetHints":{"allow":["GET"]}}],"collection":[{"href":"https:\/\/periodicolarepublica.com\/index.php\/wp-json\/wp\/v2\/posts"}],"about":[{"href":"https:\/\/periodicolarepublica.com\/index.php\/wp-json\/wp\/v2\/types\/post"}],"author":[{"embeddable":true,"href":"https:\/\/periodicolarepublica.com\/index.php\/wp-json\/wp\/v2\/users\/10"}],"replies":[{"embeddable":true,"href":"https:\/\/periodicolarepublica.com\/index.php\/wp-json\/wp\/v2\/comments?post=4109"}],"version-history":[{"count":1,"href":"https:\/\/periodicolarepublica.com\/index.php\/wp-json\/wp\/v2\/posts\/4109\/revisions"}],"predecessor-version":[{"id":4110,"href":"https:\/\/periodicolarepublica.com\/index.php\/wp-json\/wp\/v2\/posts\/4109\/revisions\/4110"}],"wp:featuredmedia":[{"embeddable":true,"href":"https:\/\/periodicolarepublica.com\/index.php\/wp-json\/wp\/v2\/media\/2832"}],"wp:attachment":[{"href":"https:\/\/periodicolarepublica.com\/index.php\/wp-json\/wp\/v2\/media?parent=4109"}],"wp:term":[{"taxonomy":"category","embeddable":true,"href":"https:\/\/periodicolarepublica.com\/index.php\/wp-json\/wp\/v2\/categories?post=4109"},{"taxonomy":"post_tag","embeddable":true,"href":"https:\/\/periodicolarepublica.com\/index.php\/wp-json\/wp\/v2\/tags?post=4109"}],"curies":[{"name":"wp","href":"https:\/\/api.w.org\/{rel}","templated":true}]}}