{"id":4111,"date":"2025-09-26T10:43:04","date_gmt":"2025-09-26T14:43:04","guid":{"rendered":"https:\/\/periodicolarepublica.com\/?p=4111"},"modified":"2025-09-26T10:43:04","modified_gmt":"2025-09-26T14:43:04","slug":"minerd-interpone-accion-penal-ante-el-ministerio-publico-por-intoxicaciones-en-mao-y-san-francisco","status":"publish","type":"post","link":"https:\/\/periodicolarepublica.com\/index.php\/2025\/09\/26\/minerd-interpone-accion-penal-ante-el-ministerio-publico-por-intoxicaciones-en-mao-y-san-francisco\/","title":{"rendered":"*MINERD interpone acci\u00f3n penal ante el Ministerio P\u00fablico por intoxicaciones en Mao y San Francisco*"},"content":{"rendered":"<p>El Ministerio de Educaci\u00f3n de la Rep\u00fablica Dominicana (MINERD) ha presentado formalmente dos denuncias ante las Procuradur\u00edas Especializadas para la Defensa del Medio Ambiente de las provincias Duarte y Valverde, con el objetivo de que se investiguen y sancionen los recientes casos de intoxicaci\u00f3n que han afectado a estudiantes, docentes y personal administrativo en varios centros educativos.<\/p>\n<p>&nbsp;<\/p>\n<p>&nbsp;<\/p>\n<p>Las acciones legales fueron depositadas por el \u00e1rea Jur\u00eddica del MINERD, quienes, en representaci\u00f3n del ministro Luis Miguel De Camps Garc\u00eda, han solicitado la apertura inmediata de investigaciones para determinar responsabilidades frente al uso indebido de productos qu\u00edmicos t\u00f3xicos en las cercan\u00edas de los planteles escolares.<\/p>\n<p>&nbsp;<\/p>\n<p>&nbsp;<\/p>\n<p>Los hechos ocurrieron la semana pasada en los centros educativos Ana Celeste Fern\u00e1ndez, en la comunidad La Guama, provincia Duarte, y en el Liceo Le\u00f3nidas Ricardo Rom\u00e1n y la Escuela Laboral Fidelina Reyes, en el municipio de Santa Cruz de Mao, provincia Valverde.<\/p>\n<p>&nbsp;<\/p>\n<p>&nbsp;<\/p>\n<p>El MINERD activ\u00f3 de inmediato los protocolos de emergencia, procediendo al despacho de los estudiantes y la suspensi\u00f3n temporal de la docencia para proteger la salud e integridad de la comunidad educativa.<\/p>\n<p>&nbsp;<\/p>\n<p>&nbsp;<\/p>\n<p>Sobre la comunidad La Guama, la denuncia, interpuesta ante la Procuradur\u00eda de Medio Ambiente de Duarte, detalla la posible presencia de sustancias t\u00f3xicas utilizadas como pesticidas en las inmediaciones del centro, lo que representa un riesgo grave para la salud y la continuidad de la docencia.<\/p>\n<p>&nbsp;<\/p>\n<p>&nbsp;<\/p>\n<p>Por ello, el MINERD solicit\u00f3 que se realicen las indagatorias correspondientes y, en caso de comprobarse un uso negligente o intencional, se proceda con la aplicaci\u00f3n de las sanciones penales establecidas por la ley.<\/p>\n<p>&nbsp;<\/p>\n<p>&nbsp;<\/p>\n<p>De igual forma, en el municipio de Santa Cruz de Mao, provincia Valverde, se report\u00f3 una situaci\u00f3n de intoxicaci\u00f3n, en el levantamiento realizado por las autoridades arroj\u00f3 que el evento fue provocado por la fumigaci\u00f3n con qu\u00edmicos t\u00f3xicos en una finca colindante, a menos de 200 metros de los centros escolares.<\/p>\n<p>&nbsp;<\/p>\n<p>&nbsp;<\/p>\n<p>La cartera educativa present\u00f3 formal denuncia en esta jurisdicci\u00f3n, donde aport\u00f3 informes, fotograf\u00edas del levantamiento de evidencia por parte de la Defensa Civil y Salud P\u00fablica, y haciendo referencia a las posibles violaciones al C\u00f3digo Penal Dominicano y a la Ley 311-68 sobre el uso de pesticidas.<\/p>\n<p>&nbsp;<\/p>\n<p>&nbsp;<\/p>\n<p>Estas normativas establecen penas de prisi\u00f3n y multas para quienes, por negligencia o imprudencia, provoquen enfermedades o imposibilidad de trabajo a terceros mediante el uso de sustancias t\u00f3xicas.<img loading=\"lazy\" decoding=\"async\" class=\"alignnone size-medium wp-image-4112\" src=\"https:\/\/periodicolarepublica.com\/wp-content\/uploads\/2025\/09\/cf3b3f5b4be54768316659cc54bc83cf-1-300x169.jpg\" alt=\"\" width=\"300\" height=\"169\" srcset=\"https:\/\/periodicolarepublica.com\/wp-content\/uploads\/2025\/09\/cf3b3f5b4be54768316659cc54bc83cf-1-300x169.jpg?v=1758897758 300w, https:\/\/periodicolarepublica.com\/wp-content\/uploads\/2025\/09\/cf3b3f5b4be54768316659cc54bc83cf-1-1024x576.jpg?v=1758897758 1024w, https:\/\/periodicolarepublica.com\/wp-content\/uploads\/2025\/09\/cf3b3f5b4be54768316659cc54bc83cf-1-768x432.jpg?v=1758897758 768w, https:\/\/periodicolarepublica.com\/wp-content\/uploads\/2025\/09\/cf3b3f5b4be54768316659cc54bc83cf-1-150x84.jpg?v=1758897758 150w, https:\/\/periodicolarepublica.com\/wp-content\/uploads\/2025\/09\/cf3b3f5b4be54768316659cc54bc83cf-1-600x337.jpg?v=1758897758 600w, https:\/\/periodicolarepublica.com\/wp-content\/uploads\/2025\/09\/cf3b3f5b4be54768316659cc54bc83cf-1-696x391.jpg?v=1758897758 696w, https:\/\/periodicolarepublica.com\/wp-content\/uploads\/2025\/09\/cf3b3f5b4be54768316659cc54bc83cf-1-1068x601.jpg?v=1758897758 1068w, https:\/\/periodicolarepublica.com\/wp-content\/uploads\/2025\/09\/cf3b3f5b4be54768316659cc54bc83cf-1.jpg?v=1758897758 1300w\" sizes=\"auto, (max-width: 300px) 100vw, 300px\" \/><\/p>\n","protected":false},"excerpt":{"rendered":"<p>El Ministerio de Educaci\u00f3n de la Rep\u00fablica Dominicana (MINERD) ha presentado formalmente dos denuncias ante las Procuradur\u00edas Especializadas para la Defensa del Medio Ambiente de las provincias Duarte y Valverde, con el objetivo de que se investiguen y sancionen los recientes casos de intoxicaci\u00f3n que han afectado a estudiantes, docentes y personal administrativo en varios [&hellip;]<\/p>\n","protected":false},"author":10,"featured_media":4112,"comment_status":"open","ping_status":"open","sticky":false,"template":"","format":"standard","meta":{"om_disable_all_campaigns":false,"_monsterinsights_skip_tracking":false,"_monsterinsights_sitenote_active":false,"_monsterinsights_sitenote_note":"","_monsterinsights_sitenote_category":0,"footnotes":""},"categories":[1],"tags":[260],"class_list":{"0":"post-4111","1":"post","2":"type-post","3":"status-publish","4":"format-standard","5":"has-post-thumbnail","7":"category-nacionales","8":"tag-ministerio-de-educacion"},"aioseo_notices":[],"_links":{"self":[{"href":"https:\/\/periodicolarepublica.com\/index.php\/wp-json\/wp\/v2\/posts\/4111","targetHints":{"allow":["GET"]}}],"collection":[{"href":"https:\/\/periodicolarepublica.com\/index.php\/wp-json\/wp\/v2\/posts"}],"about":[{"href":"https:\/\/periodicolarepublica.com\/index.php\/wp-json\/wp\/v2\/types\/post"}],"author":[{"embeddable":true,"href":"https:\/\/periodicolarepublica.com\/index.php\/wp-json\/wp\/v2\/users\/10"}],"replies":[{"embeddable":true,"href":"https:\/\/periodicolarepublica.com\/index.php\/wp-json\/wp\/v2\/comments?post=4111"}],"version-history":[{"count":1,"href":"https:\/\/periodicolarepublica.com\/index.php\/wp-json\/wp\/v2\/posts\/4111\/revisions"}],"predecessor-version":[{"id":4113,"href":"https:\/\/periodicolarepublica.com\/index.php\/wp-json\/wp\/v2\/posts\/4111\/revisions\/4113"}],"wp:featuredmedia":[{"embeddable":true,"href":"https:\/\/periodicolarepublica.com\/index.php\/wp-json\/wp\/v2\/media\/4112"}],"wp:attachment":[{"href":"https:\/\/periodicolarepublica.com\/index.php\/wp-json\/wp\/v2\/media?parent=4111"}],"wp:term":[{"taxonomy":"category","embeddable":true,"href":"https:\/\/periodicolarepublica.com\/index.php\/wp-json\/wp\/v2\/categories?post=4111"},{"taxonomy":"post_tag","embeddable":true,"href":"https:\/\/periodicolarepublica.com\/index.php\/wp-json\/wp\/v2\/tags?post=4111"}],"curies":[{"name":"wp","href":"https:\/\/api.w.org\/{rel}","templated":true}]}}