{"id":4118,"date":"2025-09-27T10:21:31","date_gmt":"2025-09-27T14:21:31","guid":{"rendered":"https:\/\/periodicolarepublica.com\/?p=4118"},"modified":"2025-09-27T10:21:31","modified_gmt":"2025-09-27T14:21:31","slug":"tomas-hernandez-alberto-abinader-simboliza-el-cambio-leonel-y-su-pandilla-simbolizan-el-pasado-corrupto","status":"publish","type":"post","link":"https:\/\/periodicolarepublica.com\/index.php\/2025\/09\/27\/tomas-hernandez-alberto-abinader-simboliza-el-cambio-leonel-y-su-pandilla-simbolizan-el-pasado-corrupto\/","title":{"rendered":"\u201cTom\u00e1s Hern\u00e1ndez Alberto: Abinader simboliza el cambio; Leonel y su pandilla simbolizan el pasado corrupto"},"content":{"rendered":"<p>Santo Domingo, R.D. \u2013 El ingeniero Tom\u00e1s Hern\u00e1ndez Alberto afirm\u00f3 que los cinco a\u00f1os de gesti\u00f3n del presidente Luis Abinader han marcado un antes y un despu\u00e9s en la historia reciente de la Rep\u00fablica Dominicana, al consolidar un modelo de gobierno transparente, cercano al pueblo y enfocado en el verdadero cambio que demandaban los dominicanos.<\/p>\n<p>&nbsp;<\/p>\n<p>\u201cLuis Abinader ha gobernado con transparencia, con resultados y con visi\u00f3n de futuro. Hoy la Rep\u00fablica Dominicana crece econ\u00f3micamente, es ejemplo de inversi\u00f3n y confianza en toda la regi\u00f3n, y se siente la transformaci\u00f3n en cada rinc\u00f3n del pa\u00eds. Esa es la diferencia entre un presidente serio y comprometido con su pueblo, frente a una oposici\u00f3n que solo ofrece lo que ya conocemos: corrupci\u00f3n, atraso y oscuridad\u201d, asegur\u00f3 Hern\u00e1ndez Alberto.<\/p>\n<p>&nbsp;<\/p>\n<p>El dirigente resalt\u00f3 que en cinco a\u00f1os, Abinader ha logrado estabilidad econ\u00f3mica, r\u00e9cords hist\u00f3ricos en turismo, apoyo decidido al campo, ampliaci\u00f3n de la seguridad social, oportunidades para la juventud y una pol\u00edtica internacional respetada en todo el mundo. \u201cEl presidente ha demostrado que primero est\u00e1 la gente, y que el dinero p\u00fablico se maneja con honradez y transparencia\u201d, dijo.<\/p>\n<p>&nbsp;<\/p>\n<p>Al referirse a la oposici\u00f3n, Hern\u00e1ndez Alberto fue categ\u00f3rico: \u201cLeonel Fern\u00e1ndez representa lo peor de la pol\u00edtica dominicana: corrupci\u00f3n desbordada, abandono total al campo, entrega de los recursos del pueblo a un peque\u00f1o grupo de privilegiados. Gobern\u00f3 por 12 a\u00f1os y solo dej\u00f3 deudas, crisis y desesperanza. Ahora, despu\u00e9s de m\u00e1s de una d\u00e9cada fuera, pretende volver con la misma pandilla que saque\u00f3 al pa\u00eds. \u00a1El pueblo no lo va a permitir!\u201d<\/p>\n<p>&nbsp;<\/p>\n<p>En ese sentido, denunci\u00f3 que los ataques de Leonel y sus aliados no son m\u00e1s que patadas de ahogados de quienes ya fueron rechazados por la sociedad dominicana: \u201cMientras Abinader gobierna con resultados, ellos solo saben mentir, criticar y buscar c\u00f3mo volver a un pasado de privilegios y corrupci\u00f3n. El pueblo dominicano ya abri\u00f3 los ojos y no se dejar\u00e1 enga\u00f1ar\u201d.<\/p>\n<p>&nbsp;<\/p>\n<p>Finalmente, Hern\u00e1ndez Alberto reafirm\u00f3 su respaldo absoluto al presidente Abinader: \u201cEstamos con un gobierno que ha demostrado ser del pueblo y para el pueblo. Cinco a\u00f1os de Luis Abinader son la prueba de que el cambio es real y profundo. Y frente a esa realidad, Leonel y su oposici\u00f3n no son m\u00e1s que un mal recuerdo que nunca m\u00e1s debe volver\u201d.<img loading=\"lazy\" decoding=\"async\" class=\"size-medium wp-image-2557 alignright\" src=\"https:\/\/periodicolarepublica.com\/wp-content\/uploads\/2025\/01\/FB_IMG_1705413389194-300x300.jpg\" alt=\"\" width=\"300\" height=\"300\" srcset=\"https:\/\/periodicolarepublica.com\/wp-content\/uploads\/2025\/01\/FB_IMG_1705413389194-300x300.jpg?v=1737823938 300w, https:\/\/periodicolarepublica.com\/wp-content\/uploads\/2025\/01\/FB_IMG_1705413389194-150x150.jpg?v=1737823938 150w, https:\/\/periodicolarepublica.com\/wp-content\/uploads\/2025\/01\/FB_IMG_1705413389194-600x600.jpg?v=1737823938 600w, https:\/\/periodicolarepublica.com\/wp-content\/uploads\/2025\/01\/FB_IMG_1705413389194-696x696.jpg?v=1737823938 696w, https:\/\/periodicolarepublica.com\/wp-content\/uploads\/2025\/01\/FB_IMG_1705413389194.jpg?v=1737823938 768w\" sizes=\"auto, (max-width: 300px) 100vw, 300px\" \/><\/p>\n","protected":false},"excerpt":{"rendered":"<p>Santo Domingo, R.D. \u2013 El ingeniero Tom\u00e1s Hern\u00e1ndez Alberto afirm\u00f3 que los cinco a\u00f1os de gesti\u00f3n del presidente Luis Abinader han marcado un antes y un despu\u00e9s en la historia reciente de la Rep\u00fablica Dominicana, al consolidar un modelo de gobierno transparente, cercano al pueblo y enfocado en el verdadero cambio que demandaban los dominicanos. [&hellip;]<\/p>\n","protected":false},"author":10,"featured_media":2557,"comment_status":"open","ping_status":"open","sticky":false,"template":"","format":"standard","meta":{"om_disable_all_campaigns":false,"_monsterinsights_skip_tracking":false,"_monsterinsights_sitenote_active":false,"_monsterinsights_sitenote_note":"","_monsterinsights_sitenote_category":0,"footnotes":""},"categories":[1],"tags":[163],"class_list":{"0":"post-4118","1":"post","2":"type-post","3":"status-publish","4":"format-standard","5":"has-post-thumbnail","7":"category-nacionales","8":"tag-tomas-hernandez-alberto"},"aioseo_notices":[],"_links":{"self":[{"href":"https:\/\/periodicolarepublica.com\/index.php\/wp-json\/wp\/v2\/posts\/4118","targetHints":{"allow":["GET"]}}],"collection":[{"href":"https:\/\/periodicolarepublica.com\/index.php\/wp-json\/wp\/v2\/posts"}],"about":[{"href":"https:\/\/periodicolarepublica.com\/index.php\/wp-json\/wp\/v2\/types\/post"}],"author":[{"embeddable":true,"href":"https:\/\/periodicolarepublica.com\/index.php\/wp-json\/wp\/v2\/users\/10"}],"replies":[{"embeddable":true,"href":"https:\/\/periodicolarepublica.com\/index.php\/wp-json\/wp\/v2\/comments?post=4118"}],"version-history":[{"count":1,"href":"https:\/\/periodicolarepublica.com\/index.php\/wp-json\/wp\/v2\/posts\/4118\/revisions"}],"predecessor-version":[{"id":4119,"href":"https:\/\/periodicolarepublica.com\/index.php\/wp-json\/wp\/v2\/posts\/4118\/revisions\/4119"}],"wp:featuredmedia":[{"embeddable":true,"href":"https:\/\/periodicolarepublica.com\/index.php\/wp-json\/wp\/v2\/media\/2557"}],"wp:attachment":[{"href":"https:\/\/periodicolarepublica.com\/index.php\/wp-json\/wp\/v2\/media?parent=4118"}],"wp:term":[{"taxonomy":"category","embeddable":true,"href":"https:\/\/periodicolarepublica.com\/index.php\/wp-json\/wp\/v2\/categories?post=4118"},{"taxonomy":"post_tag","embeddable":true,"href":"https:\/\/periodicolarepublica.com\/index.php\/wp-json\/wp\/v2\/tags?post=4118"}],"curies":[{"name":"wp","href":"https:\/\/api.w.org\/{rel}","templated":true}]}}