{"id":4125,"date":"2025-10-01T10:26:56","date_gmt":"2025-10-01T14:26:56","guid":{"rendered":"https:\/\/periodicolarepublica.com\/?p=4125"},"modified":"2025-10-01T10:26:56","modified_gmt":"2025-10-01T14:26:56","slug":"hernandez-alberto-destaca-liderazgo-de-luis-abinader-en-historica-aprobacion-de-mision-internacional-contra-pandillas-en-haiti","status":"publish","type":"post","link":"https:\/\/periodicolarepublica.com\/index.php\/2025\/10\/01\/hernandez-alberto-destaca-liderazgo-de-luis-abinader-en-historica-aprobacion-de-mision-internacional-contra-pandillas-en-haiti\/","title":{"rendered":"Hern\u00e1ndez Alberto destaca liderazgo de Luis Abinader en hist\u00f3rica aprobaci\u00f3n de misi\u00f3n internacional contra pandillas en Hait\u00ed"},"content":{"rendered":"<p>Santo Domingo, R.D. \u2013 El dirigente pol\u00edtico Tom\u00e1s Hern\u00e1ndez Alberto reconoci\u00f3 este martes el esfuerzo y la firme voluntad del presidente Luis Abinader, quien durante cinco a\u00f1os ha llevado la voz de la Rep\u00fablica Dominicana ante la comunidad internacional, reclamando atenci\u00f3n urgente a la crisis que atraviesa la vecina naci\u00f3n de Hait\u00ed.<\/p>\n<p>En declaraciones ofrecidas a la emisora FM 107.2 \u201cLa Radio\u201d, Hern\u00e1ndez Alberto subray\u00f3 que la reciente aprobaci\u00f3n por parte del Consejo de Seguridad de la Organizaci\u00f3n de las Naciones Unidas (ONU) de la misi\u00f3n multinacional de apoyo a la seguridad en Hait\u00ed constituye un hecho hist\u00f3rico, fruto de la perseverancia y la diplomacia activa del mandatario dominicano.<\/p>\n<p>\u201cGracias a la determinaci\u00f3n del presidente Abinader y al respaldo de pa\u00edses aliados como Estados Unidos y Panam\u00e1, hoy el mundo responde al clamor de la Rep\u00fablica Dominicana para que se enfrente con decisi\u00f3n la amenaza de las pandillas que tanto da\u00f1o hacen al pueblo haitiano y a la estabilidad regional\u201d, expres\u00f3 Hern\u00e1ndez Alberto.<\/p>\n<p>El pol\u00edtico valor\u00f3 que la diplomacia dominicana, bajo la conducci\u00f3n del presidente Abinader, haya logrado poner en la agenda internacional la realidad haitiana, que por a\u00f1os fue ignorada por la comunidad mundial. \u201cHoy podemos decir que el trabajo constante dio sus frutos\u201d, afirm\u00f3.<\/p>\n<p>Asimismo, resalt\u00f3 que la aprobaci\u00f3n de la misi\u00f3n no solo representa un alivio para Hait\u00ed, sino tambi\u00e9n una garant\u00eda de mayor seguridad para toda la regi\u00f3n del Caribe, incluida la Rep\u00fablica Dominicana, que ha sido la naci\u00f3n m\u00e1s afectada por la crisis haitiana.<\/p>\n<p>\u201cEste es un triunfo de la Rep\u00fablica Dominicana, de la pol\u00edtica exterior firme y coherente de nuestro presidente y de la solidaridad internacional que finalmente ha entendido la magnitud del problema haitiano\u201d, puntualiz\u00f3.<\/p>\n<p>Finalmente, Hern\u00e1ndez Alberto llam\u00f3 a los dominicanos a sentirse orgullosos de contar con un mandatario que ha sabido defender con valent\u00eda y responsabilidad los intereses del pa\u00eds en los m\u00e1s altos escenarios del mundo, demostrando que la voz de la Rep\u00fablica Dominicana se respeta y se hace sentir.<img loading=\"lazy\" decoding=\"async\" class=\"alignnone size-medium wp-image-1804\" src=\"https:\/\/periodicolarepublica.com\/wp-content\/uploads\/2024\/10\/IMG-20240525-WA0100-300x200.jpg\" alt=\"\" width=\"300\" height=\"200\" srcset=\"https:\/\/periodicolarepublica.com\/wp-content\/uploads\/2024\/10\/IMG-20240525-WA0100-300x200.jpg?v=1727804560 300w, https:\/\/periodicolarepublica.com\/wp-content\/uploads\/2024\/10\/IMG-20240525-WA0100-1024x682.jpg?v=1727804560 1024w, https:\/\/periodicolarepublica.com\/wp-content\/uploads\/2024\/10\/IMG-20240525-WA0100-768x511.jpg?v=1727804560 768w, https:\/\/periodicolarepublica.com\/wp-content\/uploads\/2024\/10\/IMG-20240525-WA0100-150x100.jpg?v=1727804560 150w, https:\/\/periodicolarepublica.com\/wp-content\/uploads\/2024\/10\/IMG-20240525-WA0100-600x399.jpg?v=1727804560 600w, https:\/\/periodicolarepublica.com\/wp-content\/uploads\/2024\/10\/IMG-20240525-WA0100-696x463.jpg?v=1727804560 696w, https:\/\/periodicolarepublica.com\/wp-content\/uploads\/2024\/10\/IMG-20240525-WA0100-1068x711.jpg?v=1727804560 1068w, https:\/\/periodicolarepublica.com\/wp-content\/uploads\/2024\/10\/IMG-20240525-WA0100.jpg?v=1727804560 1080w\" sizes=\"auto, (max-width: 300px) 100vw, 300px\" \/><\/p>\n","protected":false},"excerpt":{"rendered":"<p>Santo Domingo, R.D. \u2013 El dirigente pol\u00edtico Tom\u00e1s Hern\u00e1ndez Alberto reconoci\u00f3 este martes el esfuerzo y la firme voluntad del presidente Luis Abinader, quien durante cinco a\u00f1os ha llevado la voz de la Rep\u00fablica Dominicana ante la comunidad internacional, reclamando atenci\u00f3n urgente a la crisis que atraviesa la vecina naci\u00f3n de Hait\u00ed. En declaraciones ofrecidas [&hellip;]<\/p>\n","protected":false},"author":10,"featured_media":1804,"comment_status":"open","ping_status":"open","sticky":false,"template":"","format":"standard","meta":{"om_disable_all_campaigns":false,"_monsterinsights_skip_tracking":false,"_monsterinsights_sitenote_active":false,"_monsterinsights_sitenote_note":"","_monsterinsights_sitenote_category":0,"footnotes":""},"categories":[1],"tags":[163],"class_list":{"0":"post-4125","1":"post","2":"type-post","3":"status-publish","4":"format-standard","5":"has-post-thumbnail","7":"category-nacionales","8":"tag-tomas-hernandez-alberto"},"aioseo_notices":[],"_links":{"self":[{"href":"https:\/\/periodicolarepublica.com\/index.php\/wp-json\/wp\/v2\/posts\/4125","targetHints":{"allow":["GET"]}}],"collection":[{"href":"https:\/\/periodicolarepublica.com\/index.php\/wp-json\/wp\/v2\/posts"}],"about":[{"href":"https:\/\/periodicolarepublica.com\/index.php\/wp-json\/wp\/v2\/types\/post"}],"author":[{"embeddable":true,"href":"https:\/\/periodicolarepublica.com\/index.php\/wp-json\/wp\/v2\/users\/10"}],"replies":[{"embeddable":true,"href":"https:\/\/periodicolarepublica.com\/index.php\/wp-json\/wp\/v2\/comments?post=4125"}],"version-history":[{"count":1,"href":"https:\/\/periodicolarepublica.com\/index.php\/wp-json\/wp\/v2\/posts\/4125\/revisions"}],"predecessor-version":[{"id":4126,"href":"https:\/\/periodicolarepublica.com\/index.php\/wp-json\/wp\/v2\/posts\/4125\/revisions\/4126"}],"wp:featuredmedia":[{"embeddable":true,"href":"https:\/\/periodicolarepublica.com\/index.php\/wp-json\/wp\/v2\/media\/1804"}],"wp:attachment":[{"href":"https:\/\/periodicolarepublica.com\/index.php\/wp-json\/wp\/v2\/media?parent=4125"}],"wp:term":[{"taxonomy":"category","embeddable":true,"href":"https:\/\/periodicolarepublica.com\/index.php\/wp-json\/wp\/v2\/categories?post=4125"},{"taxonomy":"post_tag","embeddable":true,"href":"https:\/\/periodicolarepublica.com\/index.php\/wp-json\/wp\/v2\/tags?post=4125"}],"curies":[{"name":"wp","href":"https:\/\/api.w.org\/{rel}","templated":true}]}}