{"id":4128,"date":"2025-10-04T07:55:04","date_gmt":"2025-10-04T11:55:04","guid":{"rendered":"https:\/\/periodicolarepublica.com\/?p=4128"},"modified":"2025-10-04T07:55:04","modified_gmt":"2025-10-04T11:55:04","slug":"hylsa-conmemora-su-40-aniversario-con-misa-especial-de-accion-de-gracias","status":"publish","type":"post","link":"https:\/\/periodicolarepublica.com\/index.php\/2025\/10\/04\/hylsa-conmemora-su-40-aniversario-con-misa-especial-de-accion-de-gracias\/","title":{"rendered":"HYLSA conmemora su 40 aniversario con misa especial de acci\u00f3n de gracias"},"content":{"rendered":"<p style=\"text-align: left;\">HYLSA conmemora su 40 aniversario con misa especial de acci\u00f3n de gracia<\/p>\n<p style=\"text-align: left;\">La empresa HYLSA celebr\u00f3 cuatro d\u00e9cadas de trayectoria ofreciendo soluciones automotrices integrales en neum\u00e1ticos, bater\u00edas, lubricantes y servicios especializados para veh\u00edculos livianos y pesados en la Rep\u00fablica Dominicana.<\/p>\n<p style=\"text-align: left;\">Bajo el lema 40 a\u00f1os de confianza sobre ruedas, la empresa celebr\u00f3 una misa con la presencia de sus l\u00edderes, colaboradores y aliados como una conmemoraci\u00f3n especial ante este importante hito.<\/p>\n<p style=\"text-align: left;\">Durante cuatro d\u00e9cadas de trayectoria, la empresa se ha consolidado en el sector automotriz como un referente a nivel nacional en soluciones automotrices integrales basados en un modelo de excelencia en servicio, innovaci\u00f3n y cobertura<\/p>\n<p><img loading=\"lazy\" decoding=\"async\" class=\"alignnone size-medium wp-image-4129\" src=\"https:\/\/periodicolarepublica.com\/wp-content\/uploads\/2025\/10\/logo-hd-hylsa-300x180.png\" alt=\"\" width=\"300\" height=\"180\" srcset=\"https:\/\/periodicolarepublica.com\/wp-content\/uploads\/2025\/10\/logo-hd-hylsa-300x180.png 300w, https:\/\/periodicolarepublica.com\/wp-content\/uploads\/2025\/10\/logo-hd-hylsa-150x90.png 150w, https:\/\/periodicolarepublica.com\/wp-content\/uploads\/2025\/10\/logo-hd-hylsa.png 500w\" sizes=\"auto, (max-width: 300px) 100vw, 300px\" \/><\/p>\n","protected":false},"excerpt":{"rendered":"<p>HYLSA conmemora su 40 aniversario con misa especial de acci\u00f3n de gracia La empresa HYLSA celebr\u00f3 cuatro d\u00e9cadas de trayectoria ofreciendo soluciones automotrices integrales en neum\u00e1ticos, bater\u00edas, lubricantes y servicios especializados para veh\u00edculos livianos y pesados en la Rep\u00fablica Dominicana. Bajo el lema 40 a\u00f1os de confianza sobre ruedas, la empresa celebr\u00f3 una misa con [&hellip;]<\/p>\n","protected":false},"author":6,"featured_media":4129,"comment_status":"open","ping_status":"open","sticky":false,"template":"","format":"standard","meta":{"om_disable_all_campaigns":false,"_monsterinsights_skip_tracking":false,"_monsterinsights_sitenote_active":false,"_monsterinsights_sitenote_note":"","_monsterinsights_sitenote_category":0,"footnotes":""},"categories":[1],"tags":[],"class_list":{"0":"post-4128","1":"post","2":"type-post","3":"status-publish","4":"format-standard","5":"has-post-thumbnail","7":"category-nacionales"},"aioseo_notices":[],"_links":{"self":[{"href":"https:\/\/periodicolarepublica.com\/index.php\/wp-json\/wp\/v2\/posts\/4128","targetHints":{"allow":["GET"]}}],"collection":[{"href":"https:\/\/periodicolarepublica.com\/index.php\/wp-json\/wp\/v2\/posts"}],"about":[{"href":"https:\/\/periodicolarepublica.com\/index.php\/wp-json\/wp\/v2\/types\/post"}],"author":[{"embeddable":true,"href":"https:\/\/periodicolarepublica.com\/index.php\/wp-json\/wp\/v2\/users\/6"}],"replies":[{"embeddable":true,"href":"https:\/\/periodicolarepublica.com\/index.php\/wp-json\/wp\/v2\/comments?post=4128"}],"version-history":[{"count":1,"href":"https:\/\/periodicolarepublica.com\/index.php\/wp-json\/wp\/v2\/posts\/4128\/revisions"}],"predecessor-version":[{"id":4130,"href":"https:\/\/periodicolarepublica.com\/index.php\/wp-json\/wp\/v2\/posts\/4128\/revisions\/4130"}],"wp:featuredmedia":[{"embeddable":true,"href":"https:\/\/periodicolarepublica.com\/index.php\/wp-json\/wp\/v2\/media\/4129"}],"wp:attachment":[{"href":"https:\/\/periodicolarepublica.com\/index.php\/wp-json\/wp\/v2\/media?parent=4128"}],"wp:term":[{"taxonomy":"category","embeddable":true,"href":"https:\/\/periodicolarepublica.com\/index.php\/wp-json\/wp\/v2\/categories?post=4128"},{"taxonomy":"post_tag","embeddable":true,"href":"https:\/\/periodicolarepublica.com\/index.php\/wp-json\/wp\/v2\/tags?post=4128"}],"curies":[{"name":"wp","href":"https:\/\/api.w.org\/{rel}","templated":true}]}}