{"id":4131,"date":"2025-10-04T08:21:45","date_gmt":"2025-10-04T12:21:45","guid":{"rendered":"https:\/\/periodicolarepublica.com\/?p=4131"},"modified":"2025-10-04T08:21:45","modified_gmt":"2025-10-04T12:21:45","slug":"cef-santo-domingo-y-el-mescyt-impulsan-el-talento-dominicano-con-104-becas-de-maestria","status":"publish","type":"post","link":"https:\/\/periodicolarepublica.com\/index.php\/2025\/10\/04\/cef-santo-domingo-y-el-mescyt-impulsan-el-talento-dominicano-con-104-becas-de-maestria\/","title":{"rendered":"CEF.- Santo Domingo y el MESCyT impulsan el talento dominicano con 104 becas de maestr\u00eda"},"content":{"rendered":"<p>Santo Domingo. &#8211; CEF.- Santo Domingo anunci\u00f3 que, en el marco de la Convocatoria de Becas Nacionales 2025, y gracias al decidido respaldo del Ministerio de Educaci\u00f3n Superior, Ciencia y Tecnolog\u00eda (MESCyT), se otorgaron 104 becas nacionales a profesionales dominicanos que tendr\u00e1n la oportunidad de cursar programas de maestr\u00eda dise\u00f1ados para responder a los desaf\u00edos del presente y del futuro. Este logro refleja no solo la confianza depositada en la instituci\u00f3n acad\u00e9mica ubicada en el centro comercial Novocentro, sino tambi\u00e9n el compromiso compartido de seguir contribuyendo a la profesionalizaci\u00f3n de la sociedad dominicana.<\/p>\n<figure id=\"attachment_353\" aria-describedby=\"caption-attachment-353\" style=\"width: 300px\" class=\"wp-caption alignnone\"><img loading=\"lazy\" decoding=\"async\" class=\"wp-image-353 size-medium\" src=\"https:\/\/periodicolarepublica.com\/wp-content\/uploads\/2024\/02\/Sede-CEF.-Santo-Domingo.-Novocentro-scaled-e1759580390998-300x247.jpg\" alt=\"CEF\" width=\"300\" height=\"247\" srcset=\"https:\/\/periodicolarepublica.com\/wp-content\/uploads\/2024\/02\/Sede-CEF.-Santo-Domingo.-Novocentro-scaled-e1759580390998-300x247.jpg?v=1715379821 300w, https:\/\/periodicolarepublica.com\/wp-content\/uploads\/2024\/02\/Sede-CEF.-Santo-Domingo.-Novocentro-scaled-e1759580390998-768x632.jpg?v=1715379821 768w, https:\/\/periodicolarepublica.com\/wp-content\/uploads\/2024\/02\/Sede-CEF.-Santo-Domingo.-Novocentro-scaled-e1759580390998-150x123.jpg?v=1715379821 150w, https:\/\/periodicolarepublica.com\/wp-content\/uploads\/2024\/02\/Sede-CEF.-Santo-Domingo.-Novocentro-scaled-e1759580390998-600x494.jpg?v=1715379821 600w, https:\/\/periodicolarepublica.com\/wp-content\/uploads\/2024\/02\/Sede-CEF.-Santo-Domingo.-Novocentro-scaled-e1759580390998-696x573.jpg?v=1715379821 696w, https:\/\/periodicolarepublica.com\/wp-content\/uploads\/2024\/02\/Sede-CEF.-Santo-Domingo.-Novocentro-scaled-e1759580390998.jpg?v=1715379821 950w\" sizes=\"auto, (max-width: 300px) 100vw, 300px\" \/><figcaption id=\"caption-attachment-353\" class=\"wp-caption-text\">CEF<\/figcaption><\/figure>\n","protected":false},"excerpt":{"rendered":"<p>Santo Domingo. &#8211; CEF.- Santo Domingo anunci\u00f3 que, en el marco de la Convocatoria de Becas Nacionales 2025, y gracias al decidido respaldo del Ministerio de Educaci\u00f3n Superior, Ciencia y Tecnolog\u00eda (MESCyT), se otorgaron 104 becas nacionales a profesionales dominicanos que tendr\u00e1n la oportunidad de cursar programas de maestr\u00eda dise\u00f1ados para responder a los desaf\u00edos [&hellip;]<\/p>\n","protected":false},"author":6,"featured_media":353,"comment_status":"open","ping_status":"open","sticky":false,"template":"","format":"standard","meta":{"om_disable_all_campaigns":false,"_monsterinsights_skip_tracking":false,"_monsterinsights_sitenote_active":false,"_monsterinsights_sitenote_note":"","_monsterinsights_sitenote_category":0,"footnotes":""},"categories":[1],"tags":[454],"class_list":{"0":"post-4131","1":"post","2":"type-post","3":"status-publish","4":"format-standard","5":"has-post-thumbnail","7":"category-nacionales","8":"tag-cef"},"aioseo_notices":[],"_links":{"self":[{"href":"https:\/\/periodicolarepublica.com\/index.php\/wp-json\/wp\/v2\/posts\/4131","targetHints":{"allow":["GET"]}}],"collection":[{"href":"https:\/\/periodicolarepublica.com\/index.php\/wp-json\/wp\/v2\/posts"}],"about":[{"href":"https:\/\/periodicolarepublica.com\/index.php\/wp-json\/wp\/v2\/types\/post"}],"author":[{"embeddable":true,"href":"https:\/\/periodicolarepublica.com\/index.php\/wp-json\/wp\/v2\/users\/6"}],"replies":[{"embeddable":true,"href":"https:\/\/periodicolarepublica.com\/index.php\/wp-json\/wp\/v2\/comments?post=4131"}],"version-history":[{"count":1,"href":"https:\/\/periodicolarepublica.com\/index.php\/wp-json\/wp\/v2\/posts\/4131\/revisions"}],"predecessor-version":[{"id":4132,"href":"https:\/\/periodicolarepublica.com\/index.php\/wp-json\/wp\/v2\/posts\/4131\/revisions\/4132"}],"wp:featuredmedia":[{"embeddable":true,"href":"https:\/\/periodicolarepublica.com\/index.php\/wp-json\/wp\/v2\/media\/353"}],"wp:attachment":[{"href":"https:\/\/periodicolarepublica.com\/index.php\/wp-json\/wp\/v2\/media?parent=4131"}],"wp:term":[{"taxonomy":"category","embeddable":true,"href":"https:\/\/periodicolarepublica.com\/index.php\/wp-json\/wp\/v2\/categories?post=4131"},{"taxonomy":"post_tag","embeddable":true,"href":"https:\/\/periodicolarepublica.com\/index.php\/wp-json\/wp\/v2\/tags?post=4131"}],"curies":[{"name":"wp","href":"https:\/\/api.w.org\/{rel}","templated":true}]}}