{"id":414,"date":"2024-02-22T15:13:42","date_gmt":"2024-02-22T14:13:42","guid":{"rendered":"https:\/\/periodicolarepublica.com\/?p=414"},"modified":"2024-02-22T15:13:42","modified_gmt":"2024-02-22T14:13:42","slug":"alcaldia-del-distrito-nacional-anuncia-desfile-del-carnaval-el-03-de-marzo","status":"publish","type":"post","link":"https:\/\/periodicolarepublica.com\/index.php\/2024\/02\/22\/alcaldia-del-distrito-nacional-anuncia-desfile-del-carnaval-el-03-de-marzo\/","title":{"rendered":"Alcald\u00eda del Distrito Nacional anuncia desfile del Carnaval el 03 de marzo"},"content":{"rendered":"<p><img loading=\"lazy\" decoding=\"async\" class=\"alignnone size-medium wp-image-415\" src=\"https:\/\/periodicolarepublica.com\/wp-content\/uploads\/2024\/02\/Picsart_24-02-22_10-09-31-799-300x169.jpg\" alt=\"\" width=\"300\" height=\"169\" srcset=\"https:\/\/periodicolarepublica.com\/wp-content\/uploads\/2024\/02\/Picsart_24-02-22_10-09-31-799-300x169.jpg?v=1715379815 300w, https:\/\/periodicolarepublica.com\/wp-content\/uploads\/2024\/02\/Picsart_24-02-22_10-09-31-799-1024x576.jpg?v=1715379815 1024w, https:\/\/periodicolarepublica.com\/wp-content\/uploads\/2024\/02\/Picsart_24-02-22_10-09-31-799-768x432.jpg?v=1715379815 768w, https:\/\/periodicolarepublica.com\/wp-content\/uploads\/2024\/02\/Picsart_24-02-22_10-09-31-799-1536x864.jpg?v=1715379815 1536w, https:\/\/periodicolarepublica.com\/wp-content\/uploads\/2024\/02\/Picsart_24-02-22_10-09-31-799-2048x1152.jpg?v=1715379815 2048w, https:\/\/periodicolarepublica.com\/wp-content\/uploads\/2024\/02\/Picsart_24-02-22_10-09-31-799-150x84.jpg?v=1715379815 150w, https:\/\/periodicolarepublica.com\/wp-content\/uploads\/2024\/02\/Picsart_24-02-22_10-09-31-799-600x338.jpg?v=1715379815 600w, https:\/\/periodicolarepublica.com\/wp-content\/uploads\/2024\/02\/Picsart_24-02-22_10-09-31-799-696x392.jpg?v=1715379815 696w, https:\/\/periodicolarepublica.com\/wp-content\/uploads\/2024\/02\/Picsart_24-02-22_10-09-31-799-1392x783.jpg?v=1715379815 1392w, https:\/\/periodicolarepublica.com\/wp-content\/uploads\/2024\/02\/Picsart_24-02-22_10-09-31-799-1068x601.jpg?v=1715379815 1068w, https:\/\/periodicolarepublica.com\/wp-content\/uploads\/2024\/02\/Picsart_24-02-22_10-09-31-799-1920x1080.jpg?v=1715379815 1920w\" sizes=\"auto, (max-width: 300px) 100vw, 300px\" \/><\/p>\n<p>La Alcald\u00eda del Distrito Nacional, junto a la Uni\u00f3n Carnavalesca (UCADI), anunci\u00f3 la celebraci\u00f3n del desfile del Carnaval de Santo Domingo 2024. Esta fiesta de la cultura dominicana que llenar\u00e1 el Malec\u00f3n de colores, creatividad y m\u00fasica, se llevar\u00e1 a cabo el 3 de marzo en la avenida George Washington, desde el \u00abObelisco Hembra\u00bb hasta el \u00abObelisco Macho\u00bb de la ciudad de Santo Domingo.<\/p>\n<p>Los detalles se dieron a conocer durante una rueda de prensa en el Monumento Fray Antonio de Montesinos. En esta ocasi\u00f3n, se revel\u00f3 que el desfile estar\u00e1 dedicado a Vinicio Brioso, propietario de la reposter\u00eda Vinicio, reconocido por su apoyo a las comparsas y su contribuci\u00f3n al sector de Villa Consuelo. El personaje central de esta festividad ser\u00e1 \u00abCalif\u00e9\u00bb.<\/p>\n<p>El vicealcalde y presidente de la Comisi\u00f3n del Carnaval, Stalin Alc\u00e1ntara, expres\u00f3 su entusiasmo por esta celebraci\u00f3n. \u201cEn este d\u00eda tan especial, en nombre de la alcaldesa Carolina Mej\u00eda, nos complace extender una cordial invitaci\u00f3n a todos los residentes de la capital para que se unan a la celebraci\u00f3n de nuestro Carnaval del Distrito Nacional. Es un honor para nosotros invitar a todas las familias a disfrutar de este evento cultural\u201d, indic\u00f3.<\/p>\n","protected":false},"excerpt":{"rendered":"<p>La Alcald\u00eda del Distrito Nacional, junto a la Uni\u00f3n Carnavalesca (UCADI), anunci\u00f3 la celebraci\u00f3n del desfile del Carnaval de Santo Domingo 2024. Esta fiesta de la cultura dominicana que llenar\u00e1 el Malec\u00f3n de colores, creatividad y m\u00fasica, se llevar\u00e1 a cabo el 3 de marzo en la avenida George Washington, desde el \u00abObelisco Hembra\u00bb hasta [&hellip;]<\/p>\n","protected":false},"author":1,"featured_media":415,"comment_status":"open","ping_status":"open","sticky":false,"template":"","format":"standard","meta":{"om_disable_all_campaigns":false,"_monsterinsights_skip_tracking":false,"_monsterinsights_sitenote_active":false,"_monsterinsights_sitenote_note":"","_monsterinsights_sitenote_category":0,"footnotes":""},"categories":[1],"tags":[130,129,37],"class_list":{"0":"post-414","1":"post","2":"type-post","3":"status-publish","4":"format-standard","5":"has-post-thumbnail","7":"category-nacionales","8":"tag-alcaldia","9":"tag-carnaval","10":"tag-carolina-mejia"},"aioseo_notices":[],"_links":{"self":[{"href":"https:\/\/periodicolarepublica.com\/index.php\/wp-json\/wp\/v2\/posts\/414","targetHints":{"allow":["GET"]}}],"collection":[{"href":"https:\/\/periodicolarepublica.com\/index.php\/wp-json\/wp\/v2\/posts"}],"about":[{"href":"https:\/\/periodicolarepublica.com\/index.php\/wp-json\/wp\/v2\/types\/post"}],"author":[{"embeddable":true,"href":"https:\/\/periodicolarepublica.com\/index.php\/wp-json\/wp\/v2\/users\/1"}],"replies":[{"embeddable":true,"href":"https:\/\/periodicolarepublica.com\/index.php\/wp-json\/wp\/v2\/comments?post=414"}],"version-history":[{"count":1,"href":"https:\/\/periodicolarepublica.com\/index.php\/wp-json\/wp\/v2\/posts\/414\/revisions"}],"predecessor-version":[{"id":416,"href":"https:\/\/periodicolarepublica.com\/index.php\/wp-json\/wp\/v2\/posts\/414\/revisions\/416"}],"wp:featuredmedia":[{"embeddable":true,"href":"https:\/\/periodicolarepublica.com\/index.php\/wp-json\/wp\/v2\/media\/415"}],"wp:attachment":[{"href":"https:\/\/periodicolarepublica.com\/index.php\/wp-json\/wp\/v2\/media?parent=414"}],"wp:term":[{"taxonomy":"category","embeddable":true,"href":"https:\/\/periodicolarepublica.com\/index.php\/wp-json\/wp\/v2\/categories?post=414"},{"taxonomy":"post_tag","embeddable":true,"href":"https:\/\/periodicolarepublica.com\/index.php\/wp-json\/wp\/v2\/tags?post=414"}],"curies":[{"name":"wp","href":"https:\/\/api.w.org\/{rel}","templated":true}]}}