{"id":4145,"date":"2025-10-08T16:30:35","date_gmt":"2025-10-08T20:30:35","guid":{"rendered":"https:\/\/periodicolarepublica.com\/?p=4145"},"modified":"2025-10-08T16:30:35","modified_gmt":"2025-10-08T20:30:35","slug":"tomas-hernandez-alberto-mientras-abinader-construye-y-transforma-la-oposicion-se-ahoga-en-su-propia-mezquindad","status":"publish","type":"post","link":"https:\/\/periodicolarepublica.com\/index.php\/2025\/10\/08\/tomas-hernandez-alberto-mientras-abinader-construye-y-transforma-la-oposicion-se-ahoga-en-su-propia-mezquindad\/","title":{"rendered":"Tom\u00e1s Hern\u00e1ndez Alberto Mientras Abinader construye y transforma, la oposici\u00f3n se ahoga en su propia mezquindad"},"content":{"rendered":"<p>Santo Domingo\u2013 El dirigente pol\u00edtico Tom\u00e1s Hern\u00e1ndez Alberto valor\u00f3 como \u201cuna obra de gran impacto y transformaci\u00f3n\u201d el paso a desnivel de la prolongaci\u00f3n 27 de Febrero con Pintura, inaugurado este mi\u00e9rcoles por el presidente Luis Abinader, destacando que la infraestructura mejorar\u00e1 significativamente la movilidad en Santo Domingo Oeste y beneficiar\u00e1 a miles de ciudadanos.<\/p>\n<p>&nbsp;<\/p>\n<p>Durante una entrevista en el programa La Rep\u00fablica TV, Hern\u00e1ndez Alberto afirm\u00f3 que \u201cesta obra representa un avance trascendental para la descongesti\u00f3n del tr\u00e1nsito en esta importante zona. Los largos tapones ser\u00e1n cosa del pasado. Tenemos un presidente enfocado en el desarrollo del pa\u00eds, que trabaja cada d\u00eda por su gente y por el progreso nacional\u201d.<\/p>\n<p>&nbsp;<\/p>\n<p>El dirigente tambi\u00e9n resalt\u00f3 que el presidente Abinader est\u00e1 impulsando un cambio real en todos los sectores del pa\u00eds.<\/p>\n<p>&nbsp;<\/p>\n<p>&nbsp;<\/p>\n<p>\u201cLos avances se ven en el campo, la salud, la educaci\u00f3n y la econom\u00eda. Es una transformaci\u00f3n profunda del Estado dominicano, guiada por un liderazgo transparente y comprometido\u201d, se\u00f1al\u00f3.<\/p>\n<p>&nbsp;<\/p>\n<p>En otro orden, Hern\u00e1ndez Alberto lament\u00f3 la actitud de la oposici\u00f3n, a la que calific\u00f3 como \u201cmezquina e irrespetuosa con los logros del pa\u00eds\u201d, al negarse a reconocer los avances alcanzados bajo esta gesti\u00f3n.<\/p>\n<p>&nbsp;<\/p>\n<p>\u201cNi siquiera fueron capaces de felicitar al presidente por la aprobaci\u00f3n del Consejo de Seguridad de la ONU para la misi\u00f3n de apoyo a Hait\u00ed, una decisi\u00f3n hist\u00f3rica que reafirma el liderazgo internacional de la Rep\u00fablica Dominicana bajo la direcci\u00f3n de Luis Abinader\u201d, expres\u00f3.<\/p>\n<p>&nbsp;<\/p>\n<p>Finalmente, Hern\u00e1ndez Alberto reiter\u00f3 que el pueblo dominicano conf\u00eda en el trabajo del presidente Abinader, y que cada obra y acci\u00f3n de gobierno demuestra que la visi\u00f3n del cambio contin\u00faa consolid\u00e1ndose en beneficio de todos.<img loading=\"lazy\" decoding=\"async\" class=\"size-medium wp-image-3134 alignright\" src=\"https:\/\/periodicolarepublica.com\/wp-content\/uploads\/2025\/04\/IMG_20250425_184118-300x291.jpg\" alt=\"\" width=\"300\" height=\"291\" srcset=\"https:\/\/periodicolarepublica.com\/wp-content\/uploads\/2025\/04\/IMG_20250425_184118-300x291.jpg?v=1745774087 300w, https:\/\/periodicolarepublica.com\/wp-content\/uploads\/2025\/04\/IMG_20250425_184118-1024x992.jpg?v=1745774087 1024w, https:\/\/periodicolarepublica.com\/wp-content\/uploads\/2025\/04\/IMG_20250425_184118-768x744.jpg?v=1745774087 768w, https:\/\/periodicolarepublica.com\/wp-content\/uploads\/2025\/04\/IMG_20250425_184118-1536x1487.jpg?v=1745774087 1536w, https:\/\/periodicolarepublica.com\/wp-content\/uploads\/2025\/04\/IMG_20250425_184118-2048x1983.jpg?v=1745774087 2048w, https:\/\/periodicolarepublica.com\/wp-content\/uploads\/2025\/04\/IMG_20250425_184118-150x145.jpg?v=1745774087 150w, https:\/\/periodicolarepublica.com\/wp-content\/uploads\/2025\/04\/IMG_20250425_184118-600x581.jpg?v=1745774087 600w, https:\/\/periodicolarepublica.com\/wp-content\/uploads\/2025\/04\/IMG_20250425_184118-696x674.jpg?v=1745774087 696w, https:\/\/periodicolarepublica.com\/wp-content\/uploads\/2025\/04\/IMG_20250425_184118-1392x1348.jpg?v=1745774087 1392w, https:\/\/periodicolarepublica.com\/wp-content\/uploads\/2025\/04\/IMG_20250425_184118-1068x1034.jpg?v=1745774087 1068w, https:\/\/periodicolarepublica.com\/wp-content\/uploads\/2025\/04\/IMG_20250425_184118-1920x1859.jpg?v=1745774087 1920w\" sizes=\"auto, (max-width: 300px) 100vw, 300px\" \/><\/p>\n","protected":false},"excerpt":{"rendered":"<p>Santo Domingo\u2013 El dirigente pol\u00edtico Tom\u00e1s Hern\u00e1ndez Alberto valor\u00f3 como \u201cuna obra de gran impacto y transformaci\u00f3n\u201d el paso a desnivel de la prolongaci\u00f3n 27 de Febrero con Pintura, inaugurado este mi\u00e9rcoles por el presidente Luis Abinader, destacando que la infraestructura mejorar\u00e1 significativamente la movilidad en Santo Domingo Oeste y beneficiar\u00e1 a miles de ciudadanos. [&hellip;]<\/p>\n","protected":false},"author":10,"featured_media":3134,"comment_status":"open","ping_status":"open","sticky":false,"template":"","format":"standard","meta":{"om_disable_all_campaigns":false,"_monsterinsights_skip_tracking":false,"_monsterinsights_sitenote_active":false,"_monsterinsights_sitenote_note":"","_monsterinsights_sitenote_category":0,"footnotes":""},"categories":[1],"tags":[163],"class_list":{"0":"post-4145","1":"post","2":"type-post","3":"status-publish","4":"format-standard","5":"has-post-thumbnail","7":"category-nacionales","8":"tag-tomas-hernandez-alberto"},"aioseo_notices":[],"_links":{"self":[{"href":"https:\/\/periodicolarepublica.com\/index.php\/wp-json\/wp\/v2\/posts\/4145","targetHints":{"allow":["GET"]}}],"collection":[{"href":"https:\/\/periodicolarepublica.com\/index.php\/wp-json\/wp\/v2\/posts"}],"about":[{"href":"https:\/\/periodicolarepublica.com\/index.php\/wp-json\/wp\/v2\/types\/post"}],"author":[{"embeddable":true,"href":"https:\/\/periodicolarepublica.com\/index.php\/wp-json\/wp\/v2\/users\/10"}],"replies":[{"embeddable":true,"href":"https:\/\/periodicolarepublica.com\/index.php\/wp-json\/wp\/v2\/comments?post=4145"}],"version-history":[{"count":1,"href":"https:\/\/periodicolarepublica.com\/index.php\/wp-json\/wp\/v2\/posts\/4145\/revisions"}],"predecessor-version":[{"id":4146,"href":"https:\/\/periodicolarepublica.com\/index.php\/wp-json\/wp\/v2\/posts\/4145\/revisions\/4146"}],"wp:featuredmedia":[{"embeddable":true,"href":"https:\/\/periodicolarepublica.com\/index.php\/wp-json\/wp\/v2\/media\/3134"}],"wp:attachment":[{"href":"https:\/\/periodicolarepublica.com\/index.php\/wp-json\/wp\/v2\/media?parent=4145"}],"wp:term":[{"taxonomy":"category","embeddable":true,"href":"https:\/\/periodicolarepublica.com\/index.php\/wp-json\/wp\/v2\/categories?post=4145"},{"taxonomy":"post_tag","embeddable":true,"href":"https:\/\/periodicolarepublica.com\/index.php\/wp-json\/wp\/v2\/tags?post=4145"}],"curies":[{"name":"wp","href":"https:\/\/api.w.org\/{rel}","templated":true}]}}