{"id":4149,"date":"2025-10-09T18:12:35","date_gmt":"2025-10-09T22:12:35","guid":{"rendered":"https:\/\/periodicolarepublica.com\/?p=4149"},"modified":"2025-10-09T18:12:35","modified_gmt":"2025-10-09T22:12:35","slug":"la-mezquita-y-el-peligro-para-el-evangelio-en-la-republica-dominicana","status":"publish","type":"post","link":"https:\/\/periodicolarepublica.com\/index.php\/2025\/10\/09\/la-mezquita-y-el-peligro-para-el-evangelio-en-la-republica-dominicana\/","title":{"rendered":"La mezquita y el peligro para el Evangelio en la Rep\u00fablica Dominicana"},"content":{"rendered":"<p>Santo Domingo.\u2013 En los \u00faltimos a\u00f1os, la presencia y construcci\u00f3n de mezquitas en la Rep\u00fablica Dominicana ha despertado inter\u00e9s y preocupaci\u00f3n, especialmente en una naci\u00f3n que desde sus ra\u00edces ha sido guiada por los principios del cristianismo.<\/p>\n<p>La mezquita, o masjid, es el lugar donde los musulmanes oran y se re\u00fanen. En muchos pa\u00edses cumple un papel espiritual y social, pero tambi\u00e9n ha sido, a lo largo de la historia, un s\u00edmbolo de expansi\u00f3n religiosa y cultural del islam. Este fen\u00f3meno, aunque leg\u00edtimo en el marco del respeto, debe ser observado con responsabilidad cuando llega a territorios donde el Evangelio ha sido la base moral y espiritual del pueblo.<\/p>\n<p>La Rep\u00fablica Dominicana es una naci\u00f3n con una identidad cristiana firme, pero en los \u00faltimos a\u00f1os hemos visto c\u00f3mo nuevas corrientes religiosas, ideol\u00f3gicas y culturales buscan ganar espacio en la sociedad, mientras muchas iglesias permanecen dormidas y en silencio.<\/p>\n<p>Defiendo el Evangelio de Cristo<\/p>\n<p>Como psic\u00f3logo, comunicador y hombre de fe, defiendo el Evangelio de Cristo por encima de cualquier religi\u00f3n o ideolog\u00eda, porque s\u00e9 que solo Jes\u00fas puede transformar el coraz\u00f3n humano y traer verdadera paz a las familias y a la naci\u00f3n.<\/p>\n<p>El mayor peligro que enfrenta hoy la fe cristiana en la Rep\u00fablica Dominicana no es la construcci\u00f3n de una mezquita, sino el enfriamiento espiritual de la Iglesia y la permisividad de autoridades ante movimientos que pueden afectar la esencia espiritual del pa\u00eds. Mientras muchos cristianos callan, otras fuerzas avanzan con organizaci\u00f3n y estrategia, ganando terreno donde el Evangelio ha perdido voz.<\/p>\n<p>Un llamado a Milc\u00edades Franjul y al presidente Luis Abinader<\/p>\n<p>Hago un llamado urgente a Milc\u00edades Franjul, director de Enlace Cristiano, para que su voz y liderazgo se levanten en defensa de los valores del Evangelio, recordando que la misi\u00f3n de la Iglesia es guiar, proteger y despertar a los creyentes de la indiferencia espiritual.<\/p>\n<p>De igual manera, hago un llamado respetuoso pero firme al presidente Luis Abinader y a su gobierno, para que velen por la protecci\u00f3n de nuestros valores espirituales y culturales. La Rep\u00fablica Dominicana no puede permitir que corrientes religiosas o ideol\u00f3gicas externas debiliten la fe cristiana ni distorsionen la identidad espiritual de nuestra naci\u00f3n.<\/p>\n<p>No se trata de intolerancia ni de rechazo a la libertad de culto, sino de discernimiento y defensa de lo que por siglos ha sustentado a nuestro pa\u00eds: el Evangelio de Jesucristo. Esta naci\u00f3n necesita m\u00e1s compromiso con la fe, m\u00e1s unidad en la Iglesia y m\u00e1s convicci\u00f3n en el pueblo creyente.<\/p>\n<p>La Rep\u00fablica Dominicana le pertenece a Dios, y mientras haya hombres y mujeres que defiendan el Evangelio, ninguna oscuridad podr\u00e1 prevalecer. Es tiempo de despertar y levantar la voz, porque cuando la Iglesia se calla, otros ocupan el terreno.<img loading=\"lazy\" decoding=\"async\" class=\"size-medium wp-image-4150 alignright\" src=\"https:\/\/periodicolarepublica.com\/wp-content\/uploads\/2025\/10\/IMG-20251009-WA0131-300x215.jpg\" alt=\"\" width=\"300\" height=\"215\" srcset=\"https:\/\/periodicolarepublica.com\/wp-content\/uploads\/2025\/10\/IMG-20251009-WA0131-300x215.jpg?v=1760047943 300w, https:\/\/periodicolarepublica.com\/wp-content\/uploads\/2025\/10\/IMG-20251009-WA0131-150x108.jpg?v=1760047943 150w, https:\/\/periodicolarepublica.com\/wp-content\/uploads\/2025\/10\/IMG-20251009-WA0131-600x430.jpg?v=1760047943 600w, https:\/\/periodicolarepublica.com\/wp-content\/uploads\/2025\/10\/IMG-20251009-WA0131-696x499.jpg?v=1760047943 696w, https:\/\/periodicolarepublica.com\/wp-content\/uploads\/2025\/10\/IMG-20251009-WA0131.jpg?v=1760047943 704w\" sizes=\"auto, (max-width: 300px) 100vw, 300px\" \/><\/p>\n","protected":false},"excerpt":{"rendered":"<p>Santo Domingo.\u2013 En los \u00faltimos a\u00f1os, la presencia y construcci\u00f3n de mezquitas en la Rep\u00fablica Dominicana ha despertado inter\u00e9s y preocupaci\u00f3n, especialmente en una naci\u00f3n que desde sus ra\u00edces ha sido guiada por los principios del cristianismo. La mezquita, o masjid, es el lugar donde los musulmanes oran y se re\u00fanen. En muchos pa\u00edses cumple [&hellip;]<\/p>\n","protected":false},"author":10,"featured_media":4150,"comment_status":"open","ping_status":"open","sticky":false,"template":"","format":"standard","meta":{"om_disable_all_campaigns":false,"_monsterinsights_skip_tracking":false,"_monsterinsights_sitenote_active":false,"_monsterinsights_sitenote_note":"","_monsterinsights_sitenote_category":0,"footnotes":""},"categories":[1],"tags":[],"class_list":{"0":"post-4149","1":"post","2":"type-post","3":"status-publish","4":"format-standard","5":"has-post-thumbnail","7":"category-nacionales"},"aioseo_notices":[],"_links":{"self":[{"href":"https:\/\/periodicolarepublica.com\/index.php\/wp-json\/wp\/v2\/posts\/4149","targetHints":{"allow":["GET"]}}],"collection":[{"href":"https:\/\/periodicolarepublica.com\/index.php\/wp-json\/wp\/v2\/posts"}],"about":[{"href":"https:\/\/periodicolarepublica.com\/index.php\/wp-json\/wp\/v2\/types\/post"}],"author":[{"embeddable":true,"href":"https:\/\/periodicolarepublica.com\/index.php\/wp-json\/wp\/v2\/users\/10"}],"replies":[{"embeddable":true,"href":"https:\/\/periodicolarepublica.com\/index.php\/wp-json\/wp\/v2\/comments?post=4149"}],"version-history":[{"count":1,"href":"https:\/\/periodicolarepublica.com\/index.php\/wp-json\/wp\/v2\/posts\/4149\/revisions"}],"predecessor-version":[{"id":4151,"href":"https:\/\/periodicolarepublica.com\/index.php\/wp-json\/wp\/v2\/posts\/4149\/revisions\/4151"}],"wp:featuredmedia":[{"embeddable":true,"href":"https:\/\/periodicolarepublica.com\/index.php\/wp-json\/wp\/v2\/media\/4150"}],"wp:attachment":[{"href":"https:\/\/periodicolarepublica.com\/index.php\/wp-json\/wp\/v2\/media?parent=4149"}],"wp:term":[{"taxonomy":"category","embeddable":true,"href":"https:\/\/periodicolarepublica.com\/index.php\/wp-json\/wp\/v2\/categories?post=4149"},{"taxonomy":"post_tag","embeddable":true,"href":"https:\/\/periodicolarepublica.com\/index.php\/wp-json\/wp\/v2\/tags?post=4149"}],"curies":[{"name":"wp","href":"https:\/\/api.w.org\/{rel}","templated":true}]}}