{"id":4157,"date":"2025-10-11T11:09:19","date_gmt":"2025-10-11T15:09:19","guid":{"rendered":"https:\/\/periodicolarepublica.com\/?p=4157"},"modified":"2025-10-11T11:09:19","modified_gmt":"2025-10-11T15:09:19","slug":"el-index-realiza-donacion-en-la-provincia-espaillat-en-apoyo-a-envejecientes-y-personas-con-discapacidad","status":"publish","type":"post","link":"https:\/\/periodicolarepublica.com\/index.php\/2025\/10\/11\/el-index-realiza-donacion-en-la-provincia-espaillat-en-apoyo-a-envejecientes-y-personas-con-discapacidad\/","title":{"rendered":"El INDEX realiza donaci\u00f3n en la provincia Espaillat en apoyo a envejecientes y personas con discapacidad"},"content":{"rendered":"<p>Moca, provincia Espaillat. \u2013 El Instituto de Dominicanos y Dominicanas en el Exterior (INDEX) realiz\u00f3 este viernes una significativa entrega de donaciones en la Gobernaci\u00f3n Provincial de Espaillat, destinada a beneficiar a envejecientes y personas con discapacidad de esta demarcaci\u00f3n.<\/p>\n<p>&nbsp;<\/p>\n<p>La gobernadora provincial, Patricia Mu\u00f1oz Salcedo, recibi\u00f3 el donativo en representaci\u00f3n del Gobierno dominicano, expresando su agradecimiento por esta valiosa contribuci\u00f3n que impactar\u00e1 de manera directa a decenas de familias necesitadas de la provincia.<\/p>\n<p>&nbsp;<\/p>\n<p>El acto fue encabezado por el director del INDEX, Richard Montilla, quien destac\u00f3 que esta iniciativa forma parte del compromiso del presidente Luis Abinader de fortalecer los lazos solidarios entre los dominicanos residentes en el exterior y las comunidades del pa\u00eds.<\/p>\n<p>&nbsp;<\/p>\n<p>La donaci\u00f3n incluy\u00f3 sillas de ruedas, bastones, alimentos, productos de higiene y otros art\u00edculos esenciales, los cuales ser\u00e1n distribuidos a personas en situaci\u00f3n de vulnerabilidad en distintos municipios de Espaillat.<\/p>\n<p>&nbsp;<\/p>\n<p>Durante la actividad tambi\u00e9n participaron la viceministra de Relaciones Exteriores para las Comunidades Dominicanas en el Exterior y nueva embajadora, Celin\u00e9s Toribio, as\u00ed como la representante del INDEX en el exterior, Darisy Suero, quienes resaltaron la importancia de seguir promoviendo acciones solidarias desde la di\u00e1spora hacia el pa\u00eds.<\/p>\n<p>&nbsp;<\/p>\n<p>Tambi\u00e9n estuvo presente Soledad Cruz, encargada de la Divisi\u00f3n de Asuntos Comunitarios del INDEX Miami, quien reafirm\u00f3 el compromiso del instituto de continuar impulsando programas que fortalezcan la inclusi\u00f3n social y el bienestar de los dominicanos dentro y fuera del territorio nacional.<\/p>\n<p>&nbsp;<\/p>\n<p>El evento fue valorado por las autoridades locales y los beneficiarios como un ejemplo de cooperaci\u00f3n y sensibilidad social, reafirmando el papel del INDEX como puente solidario entre la di\u00e1spora dominicana y las comunidades del pa\u00eds.<img loading=\"lazy\" decoding=\"async\" class=\"size-medium wp-image-4158 alignright\" src=\"https:\/\/periodicolarepublica.com\/wp-content\/uploads\/2025\/10\/IMG_20251011_103950-300x223.jpg\" alt=\"\" width=\"300\" height=\"223\" srcset=\"https:\/\/periodicolarepublica.com\/wp-content\/uploads\/2025\/10\/IMG_20251011_103950-300x223.jpg?v=1760195345 300w, https:\/\/periodicolarepublica.com\/wp-content\/uploads\/2025\/10\/IMG_20251011_103950-1024x760.jpg?v=1760195345 1024w, https:\/\/periodicolarepublica.com\/wp-content\/uploads\/2025\/10\/IMG_20251011_103950-768x570.jpg?v=1760195345 768w, https:\/\/periodicolarepublica.com\/wp-content\/uploads\/2025\/10\/IMG_20251011_103950-150x111.jpg?v=1760195345 150w, https:\/\/periodicolarepublica.com\/wp-content\/uploads\/2025\/10\/IMG_20251011_103950-600x446.jpg?v=1760195345 600w, https:\/\/periodicolarepublica.com\/wp-content\/uploads\/2025\/10\/IMG_20251011_103950-485x360.jpg?v=1760195345 485w, https:\/\/periodicolarepublica.com\/wp-content\/uploads\/2025\/10\/IMG_20251011_103950-970x720.jpg?v=1760195345 970w, https:\/\/periodicolarepublica.com\/wp-content\/uploads\/2025\/10\/IMG_20251011_103950-696x517.jpg?v=1760195345 696w, https:\/\/periodicolarepublica.com\/wp-content\/uploads\/2025\/10\/IMG_20251011_103950-1068x793.jpg?v=1760195345 1068w, https:\/\/periodicolarepublica.com\/wp-content\/uploads\/2025\/10\/IMG_20251011_103950-265x198.jpg?v=1760195345 265w, https:\/\/periodicolarepublica.com\/wp-content\/uploads\/2025\/10\/IMG_20251011_103950-530x396.jpg?v=1760195345 530w, https:\/\/periodicolarepublica.com\/wp-content\/uploads\/2025\/10\/IMG_20251011_103950.jpg?v=1760195345 1080w\" sizes=\"auto, (max-width: 300px) 100vw, 300px\" \/><\/p>\n","protected":false},"excerpt":{"rendered":"<p>Moca, provincia Espaillat. \u2013 El Instituto de Dominicanos y Dominicanas en el Exterior (INDEX) realiz\u00f3 este viernes una significativa entrega de donaciones en la Gobernaci\u00f3n Provincial de Espaillat, destinada a beneficiar a envejecientes y personas con discapacidad de esta demarcaci\u00f3n. &nbsp; La gobernadora provincial, Patricia Mu\u00f1oz Salcedo, recibi\u00f3 el donativo en representaci\u00f3n del Gobierno dominicano, [&hellip;]<\/p>\n","protected":false},"author":10,"featured_media":4158,"comment_status":"open","ping_status":"open","sticky":false,"template":"","format":"standard","meta":{"om_disable_all_campaigns":false,"_monsterinsights_skip_tracking":false,"_monsterinsights_sitenote_active":false,"_monsterinsights_sitenote_note":"","_monsterinsights_sitenote_category":0,"footnotes":""},"categories":[1],"tags":[],"class_list":{"0":"post-4157","1":"post","2":"type-post","3":"status-publish","4":"format-standard","5":"has-post-thumbnail","7":"category-nacionales"},"aioseo_notices":[],"_links":{"self":[{"href":"https:\/\/periodicolarepublica.com\/index.php\/wp-json\/wp\/v2\/posts\/4157","targetHints":{"allow":["GET"]}}],"collection":[{"href":"https:\/\/periodicolarepublica.com\/index.php\/wp-json\/wp\/v2\/posts"}],"about":[{"href":"https:\/\/periodicolarepublica.com\/index.php\/wp-json\/wp\/v2\/types\/post"}],"author":[{"embeddable":true,"href":"https:\/\/periodicolarepublica.com\/index.php\/wp-json\/wp\/v2\/users\/10"}],"replies":[{"embeddable":true,"href":"https:\/\/periodicolarepublica.com\/index.php\/wp-json\/wp\/v2\/comments?post=4157"}],"version-history":[{"count":1,"href":"https:\/\/periodicolarepublica.com\/index.php\/wp-json\/wp\/v2\/posts\/4157\/revisions"}],"predecessor-version":[{"id":4159,"href":"https:\/\/periodicolarepublica.com\/index.php\/wp-json\/wp\/v2\/posts\/4157\/revisions\/4159"}],"wp:featuredmedia":[{"embeddable":true,"href":"https:\/\/periodicolarepublica.com\/index.php\/wp-json\/wp\/v2\/media\/4158"}],"wp:attachment":[{"href":"https:\/\/periodicolarepublica.com\/index.php\/wp-json\/wp\/v2\/media?parent=4157"}],"wp:term":[{"taxonomy":"category","embeddable":true,"href":"https:\/\/periodicolarepublica.com\/index.php\/wp-json\/wp\/v2\/categories?post=4157"},{"taxonomy":"post_tag","embeddable":true,"href":"https:\/\/periodicolarepublica.com\/index.php\/wp-json\/wp\/v2\/tags?post=4157"}],"curies":[{"name":"wp","href":"https:\/\/api.w.org\/{rel}","templated":true}]}}