{"id":4164,"date":"2025-10-12T09:24:39","date_gmt":"2025-10-12T13:24:39","guid":{"rendered":"https:\/\/periodicolarepublica.com\/?p=4164"},"modified":"2025-10-12T09:24:39","modified_gmt":"2025-10-12T13:24:39","slug":"victor-pichardo-dona-iluminacion-completa-al-multiuso-santo-angel-peguero-de-monte-plata","status":"publish","type":"post","link":"https:\/\/periodicolarepublica.com\/index.php\/2025\/10\/12\/victor-pichardo-dona-iluminacion-completa-al-multiuso-santo-angel-peguero-de-monte-plata\/","title":{"rendered":"V\u00edctor Pichardo dona iluminaci\u00f3n completa al multiuso Santo \u00c1ngel Peguero de Monte Plata"},"content":{"rendered":"<p>Monte Plata.\u2013 M\u00e1s de 1,300 atletas de distintas disciplinas deportivas se beneficiar\u00e1n del proceso de iluminaci\u00f3n completo del multiuso Santo \u00c1ngel Peguero de Monte Plata, como parte de una donaci\u00f3n realizada por V\u00edctor Pichardo, presidente del PRM en la provincia.<\/p>\n<p>&nbsp;<\/p>\n<p>La instalaci\u00f3n abarca unas 34 luminarias con que cuenta la instalaci\u00f3n deportiva, donde se cada d\u00eda se dan cita decenas de atletas, adem\u00e1s de realizarse los diferentes torneos.<\/p>\n<p>&nbsp;<\/p>\n<p>La entrega forma parte de una iniciativa integral de mejora de la infraestructura deportiva, que incluye un proceso de remozamiento general del multiuso, con trabajos de pintura, sistema de bombeo, reparaci\u00f3n de instalaciones sanitarias, mantenimiento de pizarras, reloj y otras \u00e1reas.<\/p>\n<p>Durante el acto, los principales directivos de la Uni\u00f3n Deportiva de Monte Plata, junto a representantes de las asociaciones de baloncesto, voleibol, atletismo, b\u00e9isbol, softbol, f\u00fatbol, taekwondo y boxeo, valoraron el aporte como un importante impulso al deporte provincial.<\/p>\n<p>&nbsp;<\/p>\n<p>Las asociaciones deportivas destacaron que esta acci\u00f3n contribuir\u00e1 al fortalecimiento de los entrenamientos y competencias, adem\u00e1s de brindar mejores condiciones a los j\u00f3venes atletas.<\/p>\n<p>Con esta iniciativa, V\u00edctor Pichardo reafirma su compromiso con el desarrollo deportivo y el bienestar de la juventud monteplatense, respaldando proyectos que promueven la integraci\u00f3n y el talento local.<\/p>\n<p><em><img loading=\"lazy\" decoding=\"async\" class=\"alignnone size-medium wp-image-4165\" src=\"https:\/\/periodicolarepublica.com\/wp-content\/uploads\/2025\/10\/IMG-20251011-WA0013-300x200.jpg\" alt=\"\" width=\"300\" height=\"200\" \/><\/em><\/p>\n","protected":false},"excerpt":{"rendered":"<p>Monte Plata.\u2013 M\u00e1s de 1,300 atletas de distintas disciplinas deportivas se beneficiar\u00e1n del proceso de iluminaci\u00f3n completo del multiuso Santo \u00c1ngel Peguero de Monte Plata, como parte de una donaci\u00f3n realizada por V\u00edctor Pichardo, presidente del PRM en la provincia. &nbsp; La instalaci\u00f3n abarca unas 34 luminarias con que cuenta la instalaci\u00f3n deportiva, donde se [&hellip;]<\/p>\n","protected":false},"author":1,"featured_media":4165,"comment_status":"open","ping_status":"open","sticky":false,"template":"","format":"standard","meta":{"om_disable_all_campaigns":false,"_monsterinsights_skip_tracking":false,"_monsterinsights_sitenote_active":false,"_monsterinsights_sitenote_note":"","_monsterinsights_sitenote_category":0,"footnotes":""},"categories":[1],"tags":[468],"class_list":{"0":"post-4164","1":"post","2":"type-post","3":"status-publish","4":"format-standard","5":"has-post-thumbnail","7":"category-nacionales","8":"tag-victor-pichardo"},"aioseo_notices":[],"_links":{"self":[{"href":"https:\/\/periodicolarepublica.com\/index.php\/wp-json\/wp\/v2\/posts\/4164","targetHints":{"allow":["GET"]}}],"collection":[{"href":"https:\/\/periodicolarepublica.com\/index.php\/wp-json\/wp\/v2\/posts"}],"about":[{"href":"https:\/\/periodicolarepublica.com\/index.php\/wp-json\/wp\/v2\/types\/post"}],"author":[{"embeddable":true,"href":"https:\/\/periodicolarepublica.com\/index.php\/wp-json\/wp\/v2\/users\/1"}],"replies":[{"embeddable":true,"href":"https:\/\/periodicolarepublica.com\/index.php\/wp-json\/wp\/v2\/comments?post=4164"}],"version-history":[{"count":1,"href":"https:\/\/periodicolarepublica.com\/index.php\/wp-json\/wp\/v2\/posts\/4164\/revisions"}],"predecessor-version":[{"id":4166,"href":"https:\/\/periodicolarepublica.com\/index.php\/wp-json\/wp\/v2\/posts\/4164\/revisions\/4166"}],"wp:featuredmedia":[{"embeddable":true,"href":"https:\/\/periodicolarepublica.com\/index.php\/wp-json\/wp\/v2\/media\/4165"}],"wp:attachment":[{"href":"https:\/\/periodicolarepublica.com\/index.php\/wp-json\/wp\/v2\/media?parent=4164"}],"wp:term":[{"taxonomy":"category","embeddable":true,"href":"https:\/\/periodicolarepublica.com\/index.php\/wp-json\/wp\/v2\/categories?post=4164"},{"taxonomy":"post_tag","embeddable":true,"href":"https:\/\/periodicolarepublica.com\/index.php\/wp-json\/wp\/v2\/tags?post=4164"}],"curies":[{"name":"wp","href":"https:\/\/api.w.org\/{rel}","templated":true}]}}