{"id":417,"date":"2024-02-22T15:28:09","date_gmt":"2024-02-22T14:28:09","guid":{"rendered":"https:\/\/periodicolarepublica.com\/?p=417"},"modified":"2024-02-22T15:28:43","modified_gmt":"2024-02-22T14:28:43","slug":"mitur-lleva-a-cabo-sensibilizacion-estrategia-de-proteccion-a-nna-en-los-destinos-turisticos","status":"publish","type":"post","link":"https:\/\/periodicolarepublica.com\/index.php\/2024\/02\/22\/mitur-lleva-a-cabo-sensibilizacion-estrategia-de-proteccion-a-nna-en-los-destinos-turisticos\/","title":{"rendered":"MITUR lleva a cabo sensibilizaci\u00f3n estrategia de Protecci\u00f3n a NNA en los destinos tur\u00edsticos"},"content":{"rendered":"<ul>\n<li><img loading=\"lazy\" decoding=\"async\" class=\"alignnone size-medium wp-image-418\" src=\"https:\/\/periodicolarepublica.com\/wp-content\/uploads\/2024\/02\/Picsart_24-02-22_10-27-45-896-300x113.jpg\" alt=\"\" width=\"300\" height=\"113\" srcset=\"https:\/\/periodicolarepublica.com\/wp-content\/uploads\/2024\/02\/Picsart_24-02-22_10-27-45-896-300x113.jpg?v=1715379815 300w, https:\/\/periodicolarepublica.com\/wp-content\/uploads\/2024\/02\/Picsart_24-02-22_10-27-45-896-1024x387.jpg?v=1715379815 1024w, https:\/\/periodicolarepublica.com\/wp-content\/uploads\/2024\/02\/Picsart_24-02-22_10-27-45-896-768x290.jpg?v=1715379815 768w, https:\/\/periodicolarepublica.com\/wp-content\/uploads\/2024\/02\/Picsart_24-02-22_10-27-45-896-1536x580.jpg?v=1715379815 1536w, https:\/\/periodicolarepublica.com\/wp-content\/uploads\/2024\/02\/Picsart_24-02-22_10-27-45-896-2048x774.jpg?v=1715379815 2048w, https:\/\/periodicolarepublica.com\/wp-content\/uploads\/2024\/02\/Picsart_24-02-22_10-27-45-896-150x57.jpg?v=1715379815 150w, https:\/\/periodicolarepublica.com\/wp-content\/uploads\/2024\/02\/Picsart_24-02-22_10-27-45-896-600x227.jpg?v=1715379815 600w, https:\/\/periodicolarepublica.com\/wp-content\/uploads\/2024\/02\/Picsart_24-02-22_10-27-45-896-696x263.jpg?v=1715379815 696w, https:\/\/periodicolarepublica.com\/wp-content\/uploads\/2024\/02\/Picsart_24-02-22_10-27-45-896-1392x526.jpg?v=1715379815 1392w, https:\/\/periodicolarepublica.com\/wp-content\/uploads\/2024\/02\/Picsart_24-02-22_10-27-45-896-1068x404.jpg?v=1715379815 1068w, https:\/\/periodicolarepublica.com\/wp-content\/uploads\/2024\/02\/Picsart_24-02-22_10-27-45-896-1920x726.jpg?v=1715379815 1920w\" sizes=\"auto, (max-width: 300px) 100vw, 300px\" \/><\/li>\n<\/ul>\n<p>Setenta actores de la cadena de valor del turismo, miembros del sistema de protecci\u00f3n a ni\u00f1os, ni\u00f1as y adolescentes del pa\u00eds, miembros del sector privado y la sociedad civil de la Ciudad Colonial de Santo Domingo participan en sensibilizaci\u00f3n para la prevenci\u00f3n del abuso sexual a NNA en los destinos.<\/p>\n<p>Una acci\u00f3n mancomunada junto a UNICEF, la Procuradur\u00eda General de la Rep\u00fablica, CONANI, UNIBE y Politur, como resultado de la implementaci\u00f3n de las soluciones establecidas en la 1ra Mesa Intersectorial para la creaci\u00f3n de Entornos Protectores en Viajes y Turismo, celebrada en noviembre del a\u00f1o 2023.<\/p>\n<p>Patricia Mej\u00eda, viceministra de Gesti\u00f3n de Destinos del Ministerio de Turismo dio la bienvenida a la actividad y expres\u00f3 que existe una decidida voluntad de continuar en las mesas de trabajo y de la creaci\u00f3n de un plan que involucre a la Ciudad Colonial de Santo Domingo, junto a otros dos destinos tur\u00edsticos, as\u00ed como de trabajar en la prevenci\u00f3n de los abusos contra los ni\u00f1os, ni\u00f1as y adolescentes.<\/p>\n","protected":false},"excerpt":{"rendered":"<p>Setenta actores de la cadena de valor del turismo, miembros del sistema de protecci\u00f3n a ni\u00f1os, ni\u00f1as y adolescentes del pa\u00eds, miembros del sector privado y la sociedad civil de la Ciudad Colonial de Santo Domingo participan en sensibilizaci\u00f3n para la prevenci\u00f3n del abuso sexual a NNA en los destinos. Una acci\u00f3n mancomunada junto a [&hellip;]<\/p>\n","protected":false},"author":1,"featured_media":418,"comment_status":"open","ping_status":"open","sticky":false,"template":"","format":"standard","meta":{"om_disable_all_campaigns":false,"_monsterinsights_skip_tracking":false,"_monsterinsights_sitenote_active":false,"_monsterinsights_sitenote_note":"","_monsterinsights_sitenote_category":0,"footnotes":""},"categories":[20],"tags":[],"class_list":{"0":"post-417","1":"post","2":"type-post","3":"status-publish","4":"format-standard","5":"has-post-thumbnail","7":"category-turismo"},"aioseo_notices":[],"_links":{"self":[{"href":"https:\/\/periodicolarepublica.com\/index.php\/wp-json\/wp\/v2\/posts\/417","targetHints":{"allow":["GET"]}}],"collection":[{"href":"https:\/\/periodicolarepublica.com\/index.php\/wp-json\/wp\/v2\/posts"}],"about":[{"href":"https:\/\/periodicolarepublica.com\/index.php\/wp-json\/wp\/v2\/types\/post"}],"author":[{"embeddable":true,"href":"https:\/\/periodicolarepublica.com\/index.php\/wp-json\/wp\/v2\/users\/1"}],"replies":[{"embeddable":true,"href":"https:\/\/periodicolarepublica.com\/index.php\/wp-json\/wp\/v2\/comments?post=417"}],"version-history":[{"count":2,"href":"https:\/\/periodicolarepublica.com\/index.php\/wp-json\/wp\/v2\/posts\/417\/revisions"}],"predecessor-version":[{"id":420,"href":"https:\/\/periodicolarepublica.com\/index.php\/wp-json\/wp\/v2\/posts\/417\/revisions\/420"}],"wp:featuredmedia":[{"embeddable":true,"href":"https:\/\/periodicolarepublica.com\/index.php\/wp-json\/wp\/v2\/media\/418"}],"wp:attachment":[{"href":"https:\/\/periodicolarepublica.com\/index.php\/wp-json\/wp\/v2\/media?parent=417"}],"wp:term":[{"taxonomy":"category","embeddable":true,"href":"https:\/\/periodicolarepublica.com\/index.php\/wp-json\/wp\/v2\/categories?post=417"},{"taxonomy":"post_tag","embeddable":true,"href":"https:\/\/periodicolarepublica.com\/index.php\/wp-json\/wp\/v2\/tags?post=417"}],"curies":[{"name":"wp","href":"https:\/\/api.w.org\/{rel}","templated":true}]}}