{"id":4171,"date":"2025-10-12T09:52:33","date_gmt":"2025-10-12T13:52:33","guid":{"rendered":"https:\/\/periodicolarepublica.com\/?p=4171"},"modified":"2025-10-12T09:52:33","modified_gmt":"2025-10-12T13:52:33","slug":"popular-financia-la-economia-naranja-con-rd20000-millones-en-cinco-anos","status":"publish","type":"post","link":"https:\/\/periodicolarepublica.com\/index.php\/2025\/10\/12\/popular-financia-la-economia-naranja-con-rd20000-millones-en-cinco-anos\/","title":{"rendered":"Popular financia la econom\u00eda naranja con RD$20,000 millones en cinco a\u00f1os"},"content":{"rendered":"<p>Apoya adem\u00e1s patrocinios, publicaciones e inversiones en distintos sectores creativos<\/p>\n<p>Santo Domingo, D.N. \u2013 En el marco del Foro Caribe Naranja 2025, el Banco Popular Dominicano inform\u00f3 que, desde 2021 a la fecha, ha canalizado unos RD$20,000 millones en financiamiento dirigido a empresas culturales y creativas de la llamada econom\u00eda naranja, destinando casi la mitad a pymes y emprendedores.<\/p>\n<p>&nbsp;<\/p>\n<p>&nbsp;<\/p>\n<p>&nbsp;<\/p>\n<p>A esta cifra, hay que sumar los propios esfuerzos que el Banco Popular realiza para impulsar la econom\u00eda naranja a trav\u00e9s de otros mecanismos directos.<\/p>\n<p>En ese sentido, durante el mismo periodo de tiempo, la entidad bancaria dispuso inversiones por patrocinios culturales y publicaciones institucionales por un monto de RD$550 millones. Adem\u00e1s, en estos casi cinco a\u00f1os sum\u00f3 cerca de RD$3,200 millones a su fondo de apoyo a la industria cinematogr\u00e1fica cine.<\/p>\n<p><img loading=\"lazy\" decoding=\"async\" class=\"alignnone size-medium wp-image-4172\" src=\"https:\/\/periodicolarepublica.com\/wp-content\/uploads\/2025\/10\/ISM07352-scaled-e1760277084248-300x267.jpg\" alt=\"\" width=\"300\" height=\"267\" srcset=\"https:\/\/periodicolarepublica.com\/wp-content\/uploads\/2025\/10\/ISM07352-scaled-e1760277084248-300x267.jpg?v=1760276868 300w, https:\/\/periodicolarepublica.com\/wp-content\/uploads\/2025\/10\/ISM07352-scaled-e1760277084248-768x683.jpg?v=1760276868 768w, https:\/\/periodicolarepublica.com\/wp-content\/uploads\/2025\/10\/ISM07352-scaled-e1760277084248-150x133.jpg?v=1760276868 150w, https:\/\/periodicolarepublica.com\/wp-content\/uploads\/2025\/10\/ISM07352-scaled-e1760277084248-600x534.jpg?v=1760276868 600w, https:\/\/periodicolarepublica.com\/wp-content\/uploads\/2025\/10\/ISM07352-scaled-e1760277084248-696x619.jpg?v=1760276868 696w, https:\/\/periodicolarepublica.com\/wp-content\/uploads\/2025\/10\/ISM07352-scaled-e1760277084248.jpg?v=1760276868 1014w\" sizes=\"auto, (max-width: 300px) 100vw, 300px\" \/><\/p>\n","protected":false},"excerpt":{"rendered":"<p>Apoya adem\u00e1s patrocinios, publicaciones e inversiones en distintos sectores creativos Santo Domingo, D.N. \u2013 En el marco del Foro Caribe Naranja 2025, el Banco Popular Dominicano inform\u00f3 que, desde 2021 a la fecha, ha canalizado unos RD$20,000 millones en financiamiento dirigido a empresas culturales y creativas de la llamada econom\u00eda naranja, destinando casi la mitad [&hellip;]<\/p>\n","protected":false},"author":6,"featured_media":4172,"comment_status":"open","ping_status":"open","sticky":false,"template":"","format":"standard","meta":{"om_disable_all_campaigns":false,"_monsterinsights_skip_tracking":false,"_monsterinsights_sitenote_active":false,"_monsterinsights_sitenote_note":"","_monsterinsights_sitenote_category":0,"footnotes":""},"categories":[33,1],"tags":[76,119],"class_list":{"0":"post-4171","1":"post","2":"type-post","3":"status-publish","4":"format-standard","5":"has-post-thumbnail","7":"category-canal-financiero","8":"category-nacionales","9":"tag-banco-popular-dominicano","10":"tag-popularenlinea-com"},"aioseo_notices":[],"_links":{"self":[{"href":"https:\/\/periodicolarepublica.com\/index.php\/wp-json\/wp\/v2\/posts\/4171","targetHints":{"allow":["GET"]}}],"collection":[{"href":"https:\/\/periodicolarepublica.com\/index.php\/wp-json\/wp\/v2\/posts"}],"about":[{"href":"https:\/\/periodicolarepublica.com\/index.php\/wp-json\/wp\/v2\/types\/post"}],"author":[{"embeddable":true,"href":"https:\/\/periodicolarepublica.com\/index.php\/wp-json\/wp\/v2\/users\/6"}],"replies":[{"embeddable":true,"href":"https:\/\/periodicolarepublica.com\/index.php\/wp-json\/wp\/v2\/comments?post=4171"}],"version-history":[{"count":1,"href":"https:\/\/periodicolarepublica.com\/index.php\/wp-json\/wp\/v2\/posts\/4171\/revisions"}],"predecessor-version":[{"id":4173,"href":"https:\/\/periodicolarepublica.com\/index.php\/wp-json\/wp\/v2\/posts\/4171\/revisions\/4173"}],"wp:featuredmedia":[{"embeddable":true,"href":"https:\/\/periodicolarepublica.com\/index.php\/wp-json\/wp\/v2\/media\/4172"}],"wp:attachment":[{"href":"https:\/\/periodicolarepublica.com\/index.php\/wp-json\/wp\/v2\/media?parent=4171"}],"wp:term":[{"taxonomy":"category","embeddable":true,"href":"https:\/\/periodicolarepublica.com\/index.php\/wp-json\/wp\/v2\/categories?post=4171"},{"taxonomy":"post_tag","embeddable":true,"href":"https:\/\/periodicolarepublica.com\/index.php\/wp-json\/wp\/v2\/tags?post=4171"}],"curies":[{"name":"wp","href":"https:\/\/api.w.org\/{rel}","templated":true}]}}