{"id":4176,"date":"2025-10-14T16:03:39","date_gmt":"2025-10-14T20:03:39","guid":{"rendered":"https:\/\/periodicolarepublica.com\/?p=4176"},"modified":"2025-10-14T16:03:39","modified_gmt":"2025-10-14T20:03:39","slug":"tomas-hernandez-alberto-sale-en-defensa-del-prm-y-del-presidente-luis-abinader-ante-ataques-de-la-oposicion","status":"publish","type":"post","link":"https:\/\/periodicolarepublica.com\/index.php\/2025\/10\/14\/tomas-hernandez-alberto-sale-en-defensa-del-prm-y-del-presidente-luis-abinader-ante-ataques-de-la-oposicion\/","title":{"rendered":"Tom\u00e1s Hern\u00e1ndez Alberto sale en defensa del PRM y del presidente Luis Abinader ante ataques de la oposici\u00f3n"},"content":{"rendered":"<p>Santo Domingo. \u2013 El dirigente pol\u00edtico Tom\u00e1s Hern\u00e1ndez Alberto, presidente del movimiento Poder P\u2019al Pueblo y miembro destacado del Partido Revolucionario Moderno (PRM), sali\u00f3 en defensa firme del presidente Luis Abinader y del partido oficialista, ante los recientes ataques de la oposici\u00f3n que intentan vincular al PRM con el narcotr\u00e1fico.<\/p>\n<p>&nbsp;<\/p>\n<p>Hern\u00e1ndez Alberto calific\u00f3 de hip\u00f3critas y c\u00ednicos a quienes hoy lanzan acusaciones sin fundamento, recordando que fueron precisamente los gobiernos de esos mismos partidos los que abrieron las puertas del Estado a figuras ligadas al narcotr\u00e1fico y al lavado de activos.<\/p>\n<p>&nbsp;<\/p>\n<p>\u201cEl pueblo dominicano no olvida. Que no se hagan los santos ahora los que se codeaban con Figueroa Agosto, Quirino, Ernesto Paulino, Arturo del Tiempo, C\u00e9sar el Abusador y otros que durante a\u00f1os gozaron de protecci\u00f3n pol\u00edtica bajo sus gobiernos\u201d, afirm\u00f3 Hern\u00e1ndez Alberto.<\/p>\n<p>&nbsp;<\/p>\n<p>El dirigente sostuvo que el PRM y el presidente Luis Abinader representan transparencia, cambio y justicia, con un gobierno que ha enfrentado el crimen organizado con decisi\u00f3n, sin importar nombres ni colores pol\u00edticos.<\/p>\n<p>&nbsp;<\/p>\n<p>\u201cHoy tenemos un presidente que no negocia con el narcotr\u00e1fico ni con la corrupci\u00f3n. Por eso les duele. Porque mientras Luis Abinader gobierna con decencia, ellos solo saben gobernar con complicidad\u201d, enfatiz\u00f3.<\/p>\n<p>&nbsp;<\/p>\n<p>Hern\u00e1ndez Alberto hizo un llamado al pueblo dominicano a no dejarse confundir por campa\u00f1as sucias ni por los voceros de la desesperaci\u00f3n.<\/p>\n<p>&nbsp;<\/p>\n<p>\u201cEl PRM es un partido del pueblo, de trabajo y de transparencia. El pa\u00eds sabe qui\u00e9nes fueron los que permitieron que el narcotr\u00e1fico se infiltrara en la pol\u00edtica. Y no fue este gobierno\u201d, concluy\u00f3.<img loading=\"lazy\" decoding=\"async\" class=\"alignnone size-medium wp-image-3297\" src=\"https:\/\/periodicolarepublica.com\/wp-content\/uploads\/2025\/05\/IMG_20250516_084326-300x184.jpg\" alt=\"\" width=\"300\" height=\"184\" srcset=\"https:\/\/periodicolarepublica.com\/wp-content\/uploads\/2025\/05\/IMG_20250516_084326-300x184.jpg?v=1747404734 300w, https:\/\/periodicolarepublica.com\/wp-content\/uploads\/2025\/05\/IMG_20250516_084326-768x472.jpg?v=1747404734 768w, https:\/\/periodicolarepublica.com\/wp-content\/uploads\/2025\/05\/IMG_20250516_084326-150x92.jpg?v=1747404734 150w, https:\/\/periodicolarepublica.com\/wp-content\/uploads\/2025\/05\/IMG_20250516_084326-600x368.jpg?v=1747404734 600w, https:\/\/periodicolarepublica.com\/wp-content\/uploads\/2025\/05\/IMG_20250516_084326-696x427.jpg?v=1747404734 696w, https:\/\/periodicolarepublica.com\/wp-content\/uploads\/2025\/05\/IMG_20250516_084326.jpg?v=1747404734 961w\" sizes=\"auto, (max-width: 300px) 100vw, 300px\" \/><\/p>\n","protected":false},"excerpt":{"rendered":"<p>Santo Domingo. \u2013 El dirigente pol\u00edtico Tom\u00e1s Hern\u00e1ndez Alberto, presidente del movimiento Poder P\u2019al Pueblo y miembro destacado del Partido Revolucionario Moderno (PRM), sali\u00f3 en defensa firme del presidente Luis Abinader y del partido oficialista, ante los recientes ataques de la oposici\u00f3n que intentan vincular al PRM con el narcotr\u00e1fico. &nbsp; Hern\u00e1ndez Alberto calific\u00f3 de [&hellip;]<\/p>\n","protected":false},"author":10,"featured_media":3297,"comment_status":"open","ping_status":"open","sticky":false,"template":"","format":"standard","meta":{"om_disable_all_campaigns":false,"_monsterinsights_skip_tracking":false,"_monsterinsights_sitenote_active":false,"_monsterinsights_sitenote_note":"","_monsterinsights_sitenote_category":0,"footnotes":""},"categories":[1],"tags":[163],"class_list":{"0":"post-4176","1":"post","2":"type-post","3":"status-publish","4":"format-standard","5":"has-post-thumbnail","7":"category-nacionales","8":"tag-tomas-hernandez-alberto"},"aioseo_notices":[],"_links":{"self":[{"href":"https:\/\/periodicolarepublica.com\/index.php\/wp-json\/wp\/v2\/posts\/4176","targetHints":{"allow":["GET"]}}],"collection":[{"href":"https:\/\/periodicolarepublica.com\/index.php\/wp-json\/wp\/v2\/posts"}],"about":[{"href":"https:\/\/periodicolarepublica.com\/index.php\/wp-json\/wp\/v2\/types\/post"}],"author":[{"embeddable":true,"href":"https:\/\/periodicolarepublica.com\/index.php\/wp-json\/wp\/v2\/users\/10"}],"replies":[{"embeddable":true,"href":"https:\/\/periodicolarepublica.com\/index.php\/wp-json\/wp\/v2\/comments?post=4176"}],"version-history":[{"count":1,"href":"https:\/\/periodicolarepublica.com\/index.php\/wp-json\/wp\/v2\/posts\/4176\/revisions"}],"predecessor-version":[{"id":4177,"href":"https:\/\/periodicolarepublica.com\/index.php\/wp-json\/wp\/v2\/posts\/4176\/revisions\/4177"}],"wp:featuredmedia":[{"embeddable":true,"href":"https:\/\/periodicolarepublica.com\/index.php\/wp-json\/wp\/v2\/media\/3297"}],"wp:attachment":[{"href":"https:\/\/periodicolarepublica.com\/index.php\/wp-json\/wp\/v2\/media?parent=4176"}],"wp:term":[{"taxonomy":"category","embeddable":true,"href":"https:\/\/periodicolarepublica.com\/index.php\/wp-json\/wp\/v2\/categories?post=4176"},{"taxonomy":"post_tag","embeddable":true,"href":"https:\/\/periodicolarepublica.com\/index.php\/wp-json\/wp\/v2\/tags?post=4176"}],"curies":[{"name":"wp","href":"https:\/\/api.w.org\/{rel}","templated":true}]}}