{"id":4178,"date":"2025-10-15T11:55:02","date_gmt":"2025-10-15T15:55:02","guid":{"rendered":"https:\/\/periodicolarepublica.com\/?p=4178"},"modified":"2025-10-15T11:55:02","modified_gmt":"2025-10-15T15:55:02","slug":"darisy-suero-impulsa-liderazgo-juvenil-con-visita-a-la-casa-presidencial-y-organiza-conversatorio-sobre-jovenes-en-la-politica","status":"publish","type":"post","link":"https:\/\/periodicolarepublica.com\/index.php\/2025\/10\/15\/darisy-suero-impulsa-liderazgo-juvenil-con-visita-a-la-casa-presidencial-y-organiza-conversatorio-sobre-jovenes-en-la-politica\/","title":{"rendered":"Darisy Suero impulsa liderazgo juvenil con visita a la Casa Presidencial y organiza conversatorio sobre j\u00f3venes en la pol\u00edtica"},"content":{"rendered":"<p>Santo Domingo Este. \u2013 La Asociaci\u00f3n de J\u00f3venes de Santo Domingo Este, bajo la coordinaci\u00f3n de la destacada l\u00edder juvenil Darisy Suero, realiz\u00f3 una visita guiada a la Casa Presidencial, donde un grupo de j\u00f3venes conoci\u00f3 de cerca la historia, la arquitectura y el funcionamiento de una de las instituciones m\u00e1s importantes del pa\u00eds.<\/p>\n<p>&nbsp;<\/p>\n<p>Durante la jornada, los participantes tuvieron la oportunidad de interactuar con varios viceministros del Poder Ejecutivo, quienes compartieron experiencias sobre la gesti\u00f3n p\u00fablica y el papel transformador de la juventud dominicana en los espacios de poder.<\/p>\n<p>&nbsp;<\/p>\n<p>El viceministro Alexis Jim\u00e9nez felicit\u00f3 la iniciativa, destacando la organizaci\u00f3n y el entusiasmo de los j\u00f3venes, y se comprometi\u00f3 a participar en un conversatorio con la Asociaci\u00f3n de J\u00f3venes de Santo Domingo Este, para seguir impulsando la participaci\u00f3n de la juventud en la pol\u00edtica nacional.<\/p>\n<p>&nbsp;<\/p>\n<p>Darisy Suero, principal organizadora de la visita y promotora del pr\u00f3ximo encuentro \u201cJ\u00f3venes en la Pol\u00edtica en el Sector Exterior\u201d, expres\u00f3 que su objetivo es motivar a los j\u00f3venes a involucrarse en los temas de diplomacia, liderazgo y representaci\u00f3n internacional, promoviendo una nueva generaci\u00f3n de l\u00edderes comprometidos con el desarrollo del pa\u00eds.<\/p>\n<p>&nbsp;<\/p>\n<p>\u201cQueremos que los j\u00f3venes entiendan que s\u00ed hay espacio para ellos en la pol\u00edtica, en la diplomacia y en la toma de decisiones. Esta visita fue solo el primer paso de un proyecto mucho m\u00e1s grande que busca formar y conectar a j\u00f3venes l\u00edderes dentro y fuera del pa\u00eds\u201d, se\u00f1al\u00f3 Suero.<\/p>\n<p>&nbsp;<\/p>\n<p>La Asociaci\u00f3n de J\u00f3venes de Santo Domingo Este contin\u00faa consolid\u00e1ndose como un espacio de formaci\u00f3n, liderazgo y compromiso social, impulsando actividades que fortalecen la participaci\u00f3n activa de la juventud dominicana en todos los niveles.<img loading=\"lazy\" decoding=\"async\" class=\"alignnone size-medium wp-image-4179\" src=\"https:\/\/periodicolarepublica.com\/wp-content\/uploads\/2025\/10\/IMG-20251015-WA0265-300x253.jpg\" alt=\"\" width=\"300\" height=\"253\" srcset=\"https:\/\/periodicolarepublica.com\/wp-content\/uploads\/2025\/10\/IMG-20251015-WA0265-300x253.jpg?v=1760543580 300w, https:\/\/periodicolarepublica.com\/wp-content\/uploads\/2025\/10\/IMG-20251015-WA0265-768x646.jpg?v=1760543580 768w, https:\/\/periodicolarepublica.com\/wp-content\/uploads\/2025\/10\/IMG-20251015-WA0265-150x126.jpg?v=1760543580 150w, https:\/\/periodicolarepublica.com\/wp-content\/uploads\/2025\/10\/IMG-20251015-WA0265-600x505.jpg?v=1760543580 600w, https:\/\/periodicolarepublica.com\/wp-content\/uploads\/2025\/10\/IMG-20251015-WA0265-696x586.jpg?v=1760543580 696w, https:\/\/periodicolarepublica.com\/wp-content\/uploads\/2025\/10\/IMG-20251015-WA0265.jpg?v=1760543580 960w\" sizes=\"auto, (max-width: 300px) 100vw, 300px\" \/><\/p>\n","protected":false},"excerpt":{"rendered":"<p>Santo Domingo Este. \u2013 La Asociaci\u00f3n de J\u00f3venes de Santo Domingo Este, bajo la coordinaci\u00f3n de la destacada l\u00edder juvenil Darisy Suero, realiz\u00f3 una visita guiada a la Casa Presidencial, donde un grupo de j\u00f3venes conoci\u00f3 de cerca la historia, la arquitectura y el funcionamiento de una de las instituciones m\u00e1s importantes del pa\u00eds. &nbsp; [&hellip;]<\/p>\n","protected":false},"author":10,"featured_media":4179,"comment_status":"open","ping_status":"open","sticky":false,"template":"","format":"standard","meta":{"om_disable_all_campaigns":false,"_monsterinsights_skip_tracking":false,"_monsterinsights_sitenote_active":false,"_monsterinsights_sitenote_note":"","_monsterinsights_sitenote_category":0,"footnotes":""},"categories":[1],"tags":[],"class_list":{"0":"post-4178","1":"post","2":"type-post","3":"status-publish","4":"format-standard","5":"has-post-thumbnail","7":"category-nacionales"},"aioseo_notices":[],"_links":{"self":[{"href":"https:\/\/periodicolarepublica.com\/index.php\/wp-json\/wp\/v2\/posts\/4178","targetHints":{"allow":["GET"]}}],"collection":[{"href":"https:\/\/periodicolarepublica.com\/index.php\/wp-json\/wp\/v2\/posts"}],"about":[{"href":"https:\/\/periodicolarepublica.com\/index.php\/wp-json\/wp\/v2\/types\/post"}],"author":[{"embeddable":true,"href":"https:\/\/periodicolarepublica.com\/index.php\/wp-json\/wp\/v2\/users\/10"}],"replies":[{"embeddable":true,"href":"https:\/\/periodicolarepublica.com\/index.php\/wp-json\/wp\/v2\/comments?post=4178"}],"version-history":[{"count":1,"href":"https:\/\/periodicolarepublica.com\/index.php\/wp-json\/wp\/v2\/posts\/4178\/revisions"}],"predecessor-version":[{"id":4180,"href":"https:\/\/periodicolarepublica.com\/index.php\/wp-json\/wp\/v2\/posts\/4178\/revisions\/4180"}],"wp:featuredmedia":[{"embeddable":true,"href":"https:\/\/periodicolarepublica.com\/index.php\/wp-json\/wp\/v2\/media\/4179"}],"wp:attachment":[{"href":"https:\/\/periodicolarepublica.com\/index.php\/wp-json\/wp\/v2\/media?parent=4178"}],"wp:term":[{"taxonomy":"category","embeddable":true,"href":"https:\/\/periodicolarepublica.com\/index.php\/wp-json\/wp\/v2\/categories?post=4178"},{"taxonomy":"post_tag","embeddable":true,"href":"https:\/\/periodicolarepublica.com\/index.php\/wp-json\/wp\/v2\/tags?post=4178"}],"curies":[{"name":"wp","href":"https:\/\/api.w.org\/{rel}","templated":true}]}}