{"id":4184,"date":"2025-10-19T10:28:26","date_gmt":"2025-10-19T14:28:26","guid":{"rendered":"https:\/\/periodicolarepublica.com\/?p=4184"},"modified":"2025-10-19T10:28:26","modified_gmt":"2025-10-19T14:28:26","slug":"tomas-hernandez-alberto-desenmascara-a-leonel-fernandez-en-una-contundente-entrevista-en-aeromundo","status":"publish","type":"post","link":"https:\/\/periodicolarepublica.com\/index.php\/2025\/10\/19\/tomas-hernandez-alberto-desenmascara-a-leonel-fernandez-en-una-contundente-entrevista-en-aeromundo\/","title":{"rendered":"Tom\u00e1s Hern\u00e1ndez Alberto desenmascara a Le\u00f3nel Fern\u00e1ndez en una contundente entrevista en Aeromundo"},"content":{"rendered":"<p>Santo Domingo. \u2013 El presidente del movimiento Poder P\u2019al Pueblo y destacado miembro del Partido Revolucionario Moderno (PRM), Tom\u00e1s Hern\u00e1ndez Alberto, realiz\u00f3 fuertes declaraciones contra el expresidente Leonel Fern\u00e1ndez, a quien acus\u00f3 de haber construido su poder pol\u00edtico y econ\u00f3mico a trav\u00e9s del tr\u00e1fico de influencias y el uso de los recursos del Estado durante sus gestiones gubernamentales. Las afirmaciones fueron hechas durante su m\u00e1s reciente participaci\u00f3n en el programa Aeromundo, que conduce el periodista Guillermo G\u00f3mez.<\/p>\n<p>&nbsp;<\/p>\n<p>Hern\u00e1ndez Alberto cuestion\u00f3 el origen de los fondos con los cuales se levant\u00f3 la Fundaci\u00f3n Global Democracia y Desarrollo (Funglode), instituci\u00f3n que, seg\u00fan sus palabras, hoy est\u00e1 valorada en cerca de 800 millones de pesos, sin que exista una explicaci\u00f3n clara de c\u00f3mo se generaron tales recursos. \u201cEsa fundaci\u00f3n no fue construida con dinero privado, fue levantada con los aportes del pueblo dominicano y deber\u00eda pasar a manos del Estado si alg\u00fan d\u00eda su fundador no est\u00e1\u201d, afirm\u00f3.<\/p>\n<p>&nbsp;<\/p>\n<p>Durante la entrevista, el dirigente pol\u00edtico record\u00f3 que el propio Leonel Fern\u00e1ndez admiti\u00f3 p\u00fablicamente que alrededor del 30% del presupuesto nacional durante sus gobiernos se quedaba en las u\u00f1as de la corrupci\u00f3n, lo que, seg\u00fan Hern\u00e1ndez Alberto, representar\u00eda m\u00e1s de 800 millones de d\u00f3lares sin justificaci\u00f3n. \u201cSi se recuperara la mitad de lo que se llevaron, la deuda p\u00fablica del pa\u00eds estar\u00eda pagada\u201d, asegur\u00f3 con contundencia.<\/p>\n<p>&nbsp;<\/p>\n<p>El presidente del movimiento Poder P\u2019al Pueblo tambi\u00e9n critic\u00f3 la actitud de Fern\u00e1ndez frente a los partidos tradicionales del pa\u00eds, se\u00f1al\u00e1ndolo como un \u201cdestructor de partidos\u201d. \u201cPrimero acab\u00f3 con el Partido Reformista Social Cristiano, luego con el Partido Revolucionario Dominicano, y ahora intenta destruir el mismo partido que lo llev\u00f3 al poder: el Partido de la Liberaci\u00f3n Dominicana\u201d, enfatiz\u00f3.<\/p>\n<p>&nbsp;<\/p>\n<p>Asimismo, Hern\u00e1ndez Alberto cuestion\u00f3 las privatizaciones realizadas durante los gobiernos del expresidente Fern\u00e1ndez, indicando que \u201cregal\u00f3 pr\u00e1cticamente las empresas del Estado\u201d, destruyendo sectores productivos como los ingenios y el Consejo Estatal del Az\u00facar (CEA). \u201cSe vendieron los bienes p\u00fablicos como si fueran vacas muertas, sin transparencia ni rendici\u00f3n de cuentas\u201d, puntualiz\u00f3.<\/p>\n<p>&nbsp;<\/p>\n<p>El dirigente perreme\u00edsta tambi\u00e9n lament\u00f3 la p\u00e9rdida de valores en la clase pol\u00edtica que acompa\u00f1\u00f3 a Fern\u00e1ndez, recordando que muchos de los antiguos dirigentes del PLD pasaron de vivir con humildad a exhibir fortunas inexplicables. \u201cAquellos que vend\u00edan el peri\u00f3dico Vanguardia del Pueblo y andaban en bicicleta hoy tienen cuentas millonarias y veh\u00edculos de lujo. El pueblo tiene derecho a saber de d\u00f3nde sali\u00f3 ese dinero\u201d, subray\u00f3.<\/p>\n<p>&nbsp;<\/p>\n<p>En contraste, Hern\u00e1ndez Alberto resalt\u00f3 la honestidad, decencia y transparencia del presidente Luis Abinader, a quien calific\u00f3 como un ejemplo de liderazgo moderno y \u00e9tico. \u201cLuis no tiene c\u00f3mplices, solo amigos. Lleg\u00f3 al poder sin buscar beneficios personales y dona su salario al pueblo dominicano. Su familia ha demostrado que se puede prosperar sin robar\u201d, destac\u00f3.<\/p>\n<p>&nbsp;<\/p>\n<p>Finalmente, el dirigente exhort\u00f3 al pueblo dominicano a comparar la conducta y los valores de ambos l\u00edderes, se\u00f1alando que bajo la conducci\u00f3n de Abinader el pa\u00eds ha encontrado estabilidad, crecimiento y confianza. \u201cLuis Abinader es el mejor presidente que ha tenido la Rep\u00fablica Dominicana en lo que va de siglo, un capit\u00e1n que sabe llevar el barco a puerto seguro, incluso en medio de la tormenta\u201d, concluy\u00f3 Hern\u00e1ndez Alberto.<img loading=\"lazy\" decoding=\"async\" class=\"size-medium wp-image-4185 alignright\" src=\"https:\/\/periodicolarepublica.com\/wp-content\/uploads\/2025\/10\/20251017_120903-300x276.jpg\" alt=\"\" width=\"300\" height=\"276\" srcset=\"https:\/\/periodicolarepublica.com\/wp-content\/uploads\/2025\/10\/20251017_120903-300x276.jpg?v=1760884083 300w, https:\/\/periodicolarepublica.com\/wp-content\/uploads\/2025\/10\/20251017_120903-1024x941.jpg?v=1760884083 1024w, https:\/\/periodicolarepublica.com\/wp-content\/uploads\/2025\/10\/20251017_120903-768x706.jpg?v=1760884083 768w, https:\/\/periodicolarepublica.com\/wp-content\/uploads\/2025\/10\/20251017_120903-1536x1411.jpg?v=1760884083 1536w, https:\/\/periodicolarepublica.com\/wp-content\/uploads\/2025\/10\/20251017_120903-150x138.jpg?v=1760884083 150w, https:\/\/periodicolarepublica.com\/wp-content\/uploads\/2025\/10\/20251017_120903-600x551.jpg?v=1760884083 600w, https:\/\/periodicolarepublica.com\/wp-content\/uploads\/2025\/10\/20251017_120903-696x639.jpg?v=1760884083 696w, https:\/\/periodicolarepublica.com\/wp-content\/uploads\/2025\/10\/20251017_120903-1392x1279.jpg?v=1760884083 1392w, https:\/\/periodicolarepublica.com\/wp-content\/uploads\/2025\/10\/20251017_120903-1068x981.jpg?v=1760884083 1068w, https:\/\/periodicolarepublica.com\/wp-content\/uploads\/2025\/10\/20251017_120903.jpg?v=1760884083 1600w\" sizes=\"auto, (max-width: 300px) 100vw, 300px\" \/><\/p>\n","protected":false},"excerpt":{"rendered":"<p>Santo Domingo. \u2013 El presidente del movimiento Poder P\u2019al Pueblo y destacado miembro del Partido Revolucionario Moderno (PRM), Tom\u00e1s Hern\u00e1ndez Alberto, realiz\u00f3 fuertes declaraciones contra el expresidente Leonel Fern\u00e1ndez, a quien acus\u00f3 de haber construido su poder pol\u00edtico y econ\u00f3mico a trav\u00e9s del tr\u00e1fico de influencias y el uso de los recursos del Estado durante [&hellip;]<\/p>\n","protected":false},"author":10,"featured_media":4185,"comment_status":"open","ping_status":"open","sticky":false,"template":"","format":"standard","meta":{"om_disable_all_campaigns":false,"_monsterinsights_skip_tracking":false,"_monsterinsights_sitenote_active":false,"_monsterinsights_sitenote_note":"","_monsterinsights_sitenote_category":0,"footnotes":""},"categories":[1],"tags":[163],"class_list":{"0":"post-4184","1":"post","2":"type-post","3":"status-publish","4":"format-standard","5":"has-post-thumbnail","7":"category-nacionales","8":"tag-tomas-hernandez-alberto"},"aioseo_notices":[],"_links":{"self":[{"href":"https:\/\/periodicolarepublica.com\/index.php\/wp-json\/wp\/v2\/posts\/4184","targetHints":{"allow":["GET"]}}],"collection":[{"href":"https:\/\/periodicolarepublica.com\/index.php\/wp-json\/wp\/v2\/posts"}],"about":[{"href":"https:\/\/periodicolarepublica.com\/index.php\/wp-json\/wp\/v2\/types\/post"}],"author":[{"embeddable":true,"href":"https:\/\/periodicolarepublica.com\/index.php\/wp-json\/wp\/v2\/users\/10"}],"replies":[{"embeddable":true,"href":"https:\/\/periodicolarepublica.com\/index.php\/wp-json\/wp\/v2\/comments?post=4184"}],"version-history":[{"count":1,"href":"https:\/\/periodicolarepublica.com\/index.php\/wp-json\/wp\/v2\/posts\/4184\/revisions"}],"predecessor-version":[{"id":4186,"href":"https:\/\/periodicolarepublica.com\/index.php\/wp-json\/wp\/v2\/posts\/4184\/revisions\/4186"}],"wp:featuredmedia":[{"embeddable":true,"href":"https:\/\/periodicolarepublica.com\/index.php\/wp-json\/wp\/v2\/media\/4185"}],"wp:attachment":[{"href":"https:\/\/periodicolarepublica.com\/index.php\/wp-json\/wp\/v2\/media?parent=4184"}],"wp:term":[{"taxonomy":"category","embeddable":true,"href":"https:\/\/periodicolarepublica.com\/index.php\/wp-json\/wp\/v2\/categories?post=4184"},{"taxonomy":"post_tag","embeddable":true,"href":"https:\/\/periodicolarepublica.com\/index.php\/wp-json\/wp\/v2\/tags?post=4184"}],"curies":[{"name":"wp","href":"https:\/\/api.w.org\/{rel}","templated":true}]}}